{"id":116433,"date":"2025-09-22T17:47:09","date_gmt":"2025-09-22T17:47:09","guid":{"rendered":"https:\/\/primicias2262.com\/noticias\/?p=116433"},"modified":"2025-09-22T17:47:09","modified_gmt":"2025-09-22T17:47:09","slug":"la-fiscalia-ya-investiga-posible-corrupcion-publica-y-spagnuolo-designa-defensor-oficial","status":"publish","type":"post","link":"https:\/\/primicias2262.com\/noticias\/la-fiscalia-ya-investiga-posible-corrupcion-publica-y-spagnuolo-designa-defensor-oficial\/","title":{"rendered":"La fiscal\u00eda ya investiga posible corrupci\u00f3n p\u00fablica y Spagnuolo designa defensor oficial"},"content":{"rendered":"<p>La fiscal\u00eda investiga posibles\u00a0<strong>\u00abmaniobras de corrupci\u00f3n p\u00fablica\u00bb\u00a0<\/strong>que tuvieron lugar en la\u00a0<strong>Agencia Nacional de Discapacidad (ANDIS)<\/strong>\u00a0desde diciembre de 2023 a agosto de 2025 y que abarcar\u00edan a la Suizo Argentina y otras droguer\u00edas vinculadas a la provisi\u00f3n de medicamentos.<\/p>\n<p>El fiscal federal\u00a0<strong>Franco Picardi\u00a0<\/strong>delimit\u00f3 en un dictamen\u00a0la \u00abplataforma f\u00e1ctica del caso\u00bb, una vez levantado el secreto de sumario y en coincidencia con la decisi\u00f3n del ex titular del organismo,\u00a0<strong>Diego Spagnuolo, de designar en la causa un defensor oficial.<\/strong><\/p>\n<p>Seg\u00fan\u00a0 informaron fuentes judiciales, Spagnuolo present\u00f3 un escrito pidiendo defensa oficial y result\u00f3 designado\u00a0<strong>Hern\u00e1n Silva.<\/strong><\/p>\n<p>En su dictamen Picardi explic\u00f3 que la investigaci\u00f3n, por el momento, \u00ab<strong>se circunscribe a la investigaci\u00f3n de posibles maniobras de corrupci\u00f3n p\u00fablica desplegadas en el seno de la ANDIS desde diciembre del 2023 a agosto del 2025&#8243;.<\/strong><\/p>\n<p>Tambi\u00e9n a \u00abla determinaci\u00f3n de sus caracter\u00edsticas, el conocimiento respecto de su entramado y la identificaci\u00f3n de sus responsables\u00bb.<\/p>\n<p>En base a la evidencia recolectada en 20 d\u00edas de secreto de sumario,\u00a0<strong>la fiscal\u00eda entiende que estos sucesos \u00abhabr\u00edan ocasionado un perjuicio patrimonial al Estado Nacional<\/strong>\u00a0y, en particular, a los destinatarios de las pol\u00edticas p\u00fablicas de discapacidad\u00bb.<\/p>\n<p>Parte de dicho esquema, \u00abestar\u00eda dado por el rol que le cupo\u00bb a\u00a0 la Suizo Argentina \u00aby otras droguer\u00edas en la recaudaci\u00f3n o erogaci\u00f3n de pagos indebidos, destinados a funcionarios\/as p\u00fablicos\/as del Gobierno Nacional\u00bb.<\/p>\n<p>\u00abEllo, a partir de la participaci\u00f3n en procesos de compra y\/o adquisiciones realizadas por ANDIS de forma irregular, con el involucramiento intencionado de funcionarios\/as p\u00fablicos\/as\u00bb, advirti\u00f3 el fiscal.<\/p>\n<p>La investigaci\u00f3n se abri\u00f3 por denuncia del abogado Gregorio Dalb\u00f3n ante audios de Spagnuolo filtrados por la prensa en los que alude a presuntos pagos de porcentajes por parte de droguer\u00edas que terminar\u00edan en manos de funcionarios nacionales.<\/p>\n<p>En los audios Spagnuolo menciona a \u00abLule\u00bb Menem y Karina Milei.<\/p>\n<p>La defensa de los due\u00f1os de la Suizo Argentina, la familia Kovalivker, pidi\u00f3 la nulidad de la investigaci\u00f3n en base al origen ilegal de esas grabaciones, un planteo que tiene que resolver el juez del caso, Sebasti\u00e1n Casanello<\/p>\n","protected":false},"excerpt":{"rendered":"<p>La fiscal\u00eda investiga posibles\u00a0\u00abmaniobras de corrupci\u00f3n p\u00fablica\u00bb\u00a0que tuvieron lugar en la\u00a0Agencia Nacional de Discapacidad (ANDIS)\u00a0desde diciembre de 2023 a agosto de 2025 y que abarcar\u00edan a la Suizo Argentina y otras droguer\u00edas vinculadas a la provisi\u00f3n de medicamentos. El fiscal federal\u00a0Franco Picardi\u00a0delimit\u00f3 en un dictamen\u00a0la \u00abplataforma f\u00e1ctica del caso\u00bb, una vez levantado el secreto de [&hellip;]<\/p>\n","protected":false},"author":3,"featured_media":116434,"comment_status":"open","ping_status":"open","sticky":false,"template":"","format":"standard","meta":{"footnotes":""},"categories":[7],"tags":[],"class_list":{"0":"post-116433","1":"post","2":"type-post","3":"status-publish","4":"format-standard","5":"has-post-thumbnail","7":"category-nac"},"_links":{"self":[{"href":"https:\/\/primicias2262.com\/noticias\/wp-json\/wp\/v2\/posts\/116433","targetHints":{"allow":["GET"]}}],"collection":[{"href":"https:\/\/primicias2262.com\/noticias\/wp-json\/wp\/v2\/posts"}],"about":[{"href":"https:\/\/primicias2262.com\/noticias\/wp-json\/wp\/v2\/types\/post"}],"author":[{"embeddable":true,"href":"https:\/\/primicias2262.com\/noticias\/wp-json\/wp\/v2\/users\/3"}],"replies":[{"embeddable":true,"href":"https:\/\/primicias2262.com\/noticias\/wp-json\/wp\/v2\/comments?post=116433"}],"version-history":[{"count":1,"href":"https:\/\/primicias2262.com\/noticias\/wp-json\/wp\/v2\/posts\/116433\/revisions"}],"predecessor-version":[{"id":116435,"href":"https:\/\/primicias2262.com\/noticias\/wp-json\/wp\/v2\/posts\/116433\/revisions\/116435"}],"wp:featuredmedia":[{"embeddable":true,"href":"https:\/\/primicias2262.com\/noticias\/wp-json\/wp\/v2\/media\/116434"}],"wp:attachment":[{"href":"https:\/\/primicias2262.com\/noticias\/wp-json\/wp\/v2\/media?parent=116433"}],"wp:term":[{"taxonomy":"category","embeddable":true,"href":"https:\/\/primicias2262.com\/noticias\/wp-json\/wp\/v2\/categories?post=116433"},{"taxonomy":"post_tag","embeddable":true,"href":"https:\/\/primicias2262.com\/noticias\/wp-json\/wp\/v2\/tags?post=116433"}],"curies":[{"name":"wp","href":"https:\/\/api.w.org\/{rel}","templated":true}]}}