{"id":116454,"date":"2025-09-23T23:15:32","date_gmt":"2025-09-23T23:15:32","guid":{"rendered":"https:\/\/primicias2262.com\/noticias\/?p=116454"},"modified":"2025-09-23T23:15:32","modified_gmt":"2025-09-23T23:15:32","slug":"milei-se-reunio-con-trump-y-recibio-su-apoyo-tiene-mi-total-respaldo-para-la-reeleccion","status":"publish","type":"post","link":"https:\/\/primicias2262.com\/noticias\/milei-se-reunio-con-trump-y-recibio-su-apoyo-tiene-mi-total-respaldo-para-la-reeleccion\/","title":{"rendered":"Milei se reuni\u00f3 con Trump y recibi\u00f3 su apoyo: \u201cTiene mi total respaldo para la reelecci\u00f3n\u201d"},"content":{"rendered":"<p>El presidente\u00a0<strong>Javier Milei<\/strong>\u00a0se reuni\u00f3 esta ma\u00f1ana con su par de Estados Unidos,<strong>\u00a0Donald Trump<\/strong>, en Nueva York, y recibi\u00f3 el respaldo del republicano en las pr\u00f3ximas elecciones legislativas del 26 de octubre.<\/p>\n<p>Durante el intercambio entre ambas delegaciones que dur\u00f3 20 minutos, se lo escuch\u00f3 a Trump expresar su voluntad de reunirse con Milei y destacar su \u201ctrabajo fant\u00e1stico\u201d.\u00a0<strong>\u201cHar\u00e9 algo que no suelo hacer, le dar\u00e9 mi total apoyo como Presidente\u201d,<\/strong>\u00a0sostuvo ante la mirada atenta del libertario.<\/p>\n<p><strong>\u201cTiene una elecci\u00f3n pronto y estoy seguro de que le ir\u00e1 bien, pero ahora espero que esto lo asegure<\/strong>. Gente de Argentina,\u00a0<strong>lo estamos respaldando al 100%.<\/strong>\u00a0Creemos que est\u00e1 haciendo un trabajo fant\u00e1stico\u201d, insisti\u00f3 camino a las elecciones nacionales de octubre.<\/p>\n<p>Asimismo, en la breve pieza de comunicaci\u00f3n difundida por la administraci\u00f3n libertaria, el republicano plante\u00f3: \u201c<strong>Hered\u00f3 un desastre y lo que ha hecho para arreglarlo es bueno<\/strong>. Scott est\u00e1 trabajando con su pa\u00eds para que tengan buena deuda (SIC) y todas las cosas que necesitan para hacer a la Argentina grande otra vez.<strong>\u00a0Es para mi un honor apoyar al presidente y al pr\u00f3ximo presidente de Argentina\u201d.<\/strong><\/p>\n<p>\u201cVamos a ayudarlos,\u00a0<strong>no creo que necesite un rescate<\/strong>. Si miras d\u00f3nde estaba cuando compiti\u00f3 por primera vez para Presidente y d\u00f3nde est\u00e1 ahora, dir\u00eda que es muy incre\u00edble\u201d, destac\u00f3 el d\u00eda despu\u00e9s de que el secretario del Tesoro,<strong>\u00a0Scott Bessent,\u00a0<\/strong>hiciera p\u00fablico el apoyo de Estados Unidos a la Argentina.<\/p>\n<p>En el tramo final del video que dura poco menos de 3 minutos, reiter\u00f3 sus felicitaciones y revel\u00f3 que sigue \u201cde cerca\u201d cada paso. \u201cHe estado ah\u00ed, es un pa\u00eds hermoso.\u00a0<strong>Ser\u00e1 muy exitoso en las elecciones<\/strong>. Tiene nuestro respaldo\u201d, concluy\u00f3.<\/p>\n<p>El encuentro se dio tras la intervenci\u00f3n de Trump en la\u00a0<strong>80\u00ba Asamblea General de las Naciones Unidas (ONU),\u00a0<\/strong>en el edificio del organismo en\u00a0Manhattan,<strong>\u00a0<\/strong>que cont\u00f3 con la presencia del mandatario y parte de la delegaci\u00f3n que lo acompa\u00f1a que incluye a la secretaria general de la Presidencia,\u00a0<strong>Karina Milei<\/strong>; al ministro de Econom\u00eda,\u00a0<strong>Luis Caputo;<\/strong>\u00a0y al canciller,<strong>\u00a0Gerardo Werthein.<\/strong><\/p>\n<p>Las palabras del republicano van en sinton\u00eda con el mensaje que public\u00f3 pasado el mediod\u00eda en la red<strong>\u00a0<\/strong><i>Truth Social,\u00a0<\/i>cuya publicaci\u00f3n impresa se la obsequi\u00f3 a Milei en una carpeta blanca.<\/p>\n<p><strong>\u201cJavier Milei es un muy buen amigo, luchador y GANADOR, y tiene mi completo y total respaldo para la reelecci\u00f3n como presidente. \u00a1Nunca los defraudar\u00e1!\u201d,<\/strong>\u00a0sostuvo Trump desde su cuenta, y precis\u00f3: \u201cEl muy respetado presidente de Argentina, Javier Milei, ha demostrado ser un l\u00edder verdaderamente fant\u00e1stico y poderoso para el gran pueblo de Argentina, avanzando en todos los niveles a una velocidad r\u00e9cord\u201d.<\/p>\n<p>\u00ab<strong>Hered\u00f3 un \u2018desastre total\u2019 con una inflaci\u00f3n horrible causada por el anterior presidente de izquierda radical<\/strong>\u00a0(muy parecido al corrupto Joe Biden, el PEOR presidente en la historia de nuestra naci\u00f3n), pero ha devuelto la estabilidad a la econom\u00eda de Argentina y la ha elevado a un nuevo nivel de prominencia y respeto\u00bb, sentenci\u00f3 sobre la gesti\u00f3n de\u00a0<strong>Alberto Fern\u00e1ndez.<\/strong><\/p>\n<p>Por \u00faltimo, destac\u00f3 la buena relaci\u00f3n con la Argentina, y manifest\u00f3 la voluntad de continuar trabajando de manera conjunta.<\/p>\n","protected":false},"excerpt":{"rendered":"<p>El presidente\u00a0Javier Milei\u00a0se reuni\u00f3 esta ma\u00f1ana con su par de Estados Unidos,\u00a0Donald Trump, en Nueva York, y recibi\u00f3 el respaldo del republicano en las pr\u00f3ximas elecciones legislativas del 26 de octubre. Durante el intercambio entre ambas delegaciones que dur\u00f3 20 minutos, se lo escuch\u00f3 a Trump expresar su voluntad de reunirse con Milei y destacar [&hellip;]<\/p>\n","protected":false},"author":3,"featured_media":116455,"comment_status":"open","ping_status":"open","sticky":false,"template":"","format":"standard","meta":{"footnotes":""},"categories":[7],"tags":[],"class_list":{"0":"post-116454","1":"post","2":"type-post","3":"status-publish","4":"format-standard","5":"has-post-thumbnail","7":"category-nac"},"_links":{"self":[{"href":"https:\/\/primicias2262.com\/noticias\/wp-json\/wp\/v2\/posts\/116454","targetHints":{"allow":["GET"]}}],"collection":[{"href":"https:\/\/primicias2262.com\/noticias\/wp-json\/wp\/v2\/posts"}],"about":[{"href":"https:\/\/primicias2262.com\/noticias\/wp-json\/wp\/v2\/types\/post"}],"author":[{"embeddable":true,"href":"https:\/\/primicias2262.com\/noticias\/wp-json\/wp\/v2\/users\/3"}],"replies":[{"embeddable":true,"href":"https:\/\/primicias2262.com\/noticias\/wp-json\/wp\/v2\/comments?post=116454"}],"version-history":[{"count":1,"href":"https:\/\/primicias2262.com\/noticias\/wp-json\/wp\/v2\/posts\/116454\/revisions"}],"predecessor-version":[{"id":116456,"href":"https:\/\/primicias2262.com\/noticias\/wp-json\/wp\/v2\/posts\/116454\/revisions\/116456"}],"wp:featuredmedia":[{"embeddable":true,"href":"https:\/\/primicias2262.com\/noticias\/wp-json\/wp\/v2\/media\/116455"}],"wp:attachment":[{"href":"https:\/\/primicias2262.com\/noticias\/wp-json\/wp\/v2\/media?parent=116454"}],"wp:term":[{"taxonomy":"category","embeddable":true,"href":"https:\/\/primicias2262.com\/noticias\/wp-json\/wp\/v2\/categories?post=116454"},{"taxonomy":"post_tag","embeddable":true,"href":"https:\/\/primicias2262.com\/noticias\/wp-json\/wp\/v2\/tags?post=116454"}],"curies":[{"name":"wp","href":"https:\/\/api.w.org\/{rel}","templated":true}]}}