{"id":116457,"date":"2025-09-23T23:18:06","date_gmt":"2025-09-23T23:18:06","guid":{"rendered":"https:\/\/primicias2262.com\/noticias\/?p=116457"},"modified":"2025-09-23T23:18:06","modified_gmt":"2025-09-23T23:18:06","slug":"coimas-en-andis-la-oposicion-avanzo-con-el-dictamen-para-interpelar-a-karina-milei","status":"publish","type":"post","link":"https:\/\/primicias2262.com\/noticias\/coimas-en-andis-la-oposicion-avanzo-con-el-dictamen-para-interpelar-a-karina-milei\/","title":{"rendered":"Coimas en ANDIS: la oposici\u00f3n avanz\u00f3 con el dictamen para interpelar a Karina Milei"},"content":{"rendered":"<div class=\"article-body\" data-tadevel-template=\"web\/article-body\">\n<div class=\"article-body-content\">\n<p>La oposici\u00f3n logr\u00f3 hoy avanzar con la firma del dictamen de mayor\u00eda para interpelar en la C\u00e1mara de Diputados a la secretaria general de la Presidencia,\u00a0<strong>Karina Milei,<\/strong>\u00a0y al ministro de Salud,\u00a0<strong>Mario Lugones,<\/strong>\u00a0en el marco del esc\u00e1ndalo\u00a0por presuntas coimas en la<strong>\u00a0Agencia Nacional de Discapacidad (ANDIS).<\/strong><\/p>\n<p>Al cabo del plenario de las comisiones de Acci\u00f3n Social y Salud P\u00fablica y Asuntos Constitucionales, que tuvo que ser emplazado en la sesi\u00f3n pasada para doblegar el bloqueo del oficialismo, se pas\u00f3 a la firma del despacho de mayor\u00eda que cosech\u00f3 41 r\u00fabricas.<\/p>\n<p>Lo firmaron los diputados de<strong>\u00a0Uni\u00f3n por la Patria, Democracia para Siempre, Encuentro Federal, el Frente de Izquierda, y Marcela Pagano<\/strong>\u00a0del flamante bloque de ex libertarios\u00a0<strong>Desarrollo y Coherencia.\u00a0<\/strong><\/p>\n<p>El dictamen de rechazo, en tanto, fue suscrito por una docena de legisladores de\u00a0<strong>La Libertad Avanza<\/strong>\u00a0y aliados del<strong>\u00a0PRO.<\/strong><\/p>\n<p>El proyecto con las interpelaciones de la hermana del presidente y del jefe de la cartera sanitaria qued\u00f3 listo para ser votado por el pleno en la pr\u00f3xima sesi\u00f3n, prevista para los primeros d\u00edas de octubre.<\/p>\n<p>El esc\u00e1ndalo por presuntos sobornos y sobreprecios en los medicamentos comprados a laboratorio sali\u00f3 a la luz a partir de la filtraci\u00f3n de una serie audios que se le atribuyen al desplazado titular de ANDIS<strong>\u00a0Diego Spagnuolo.<\/strong><\/p>\n<p>En esas conversaciones el ex funcionario se\u00f1al\u00f3 a\u00a0<strong>Karina Milei\u00a0<\/strong>como quien cobraba un 3% de coima de parte de los laboratorios que ten\u00edan contratos con el organismo de discapacidad.<\/p>\n<p>El sistema de recaudaci\u00f3n, de acuerdo al relato del ahora ex titular de ANDIS, habr\u00eda sido articulado por la\u00a0<strong>Droguer\u00eda Suizo Argentina<\/strong>, un eslab\u00f3n clave en esta trama de presunta corrupci\u00f3n porque representantes de esta compa\u00f1\u00eda habr\u00edan sido -seg\u00fan la pista que sigue la Justicia- quienes recib\u00edan el dinero de las coimas pagadas por los laboratorios proveedores, en un porcentaje que en un momento determinado se habr\u00eda elevado del 5% al 8%.<\/p>\n<p>En la grabaci\u00f3n, el ex abogado de\u00a0<strong>Javier Milei\u00a0<\/strong>se\u00f1al\u00f3 que esa diferencia del 3% ten\u00eda como destinataria final a la secretaria general de la Presidencia,\u00a0<strong>Karina Milei,\u00a0<\/strong>quien qued\u00f3 seriamente implicada en la causa que investiga el juez<strong>\u00a0Sebasti\u00e1n Casanello.<\/strong><\/p>\n<p>El magistrado orden\u00f3 allanamientos y secuestr\u00f3 celulares y otros artefactos electr\u00f3nicos de Spagnuolo y de los integrantes de la familia\u00a0<strong>Kovalivker\u00a0<\/strong>que son due\u00f1os de la Droguer\u00eda Suizo Argentina.<\/p>\n<p>Uno de ellos,\u00a0<strong>Emmanuel Kovalivker\u00a0<\/strong>fue hallado mientras intentaba escapar, y en su domicilio encontraron 266 mil d\u00f3lares y unos 7 millones de pesos repartidos en sobres.<\/p>\n<p>Su hermano,\u00a0<strong>Jonathan Kovalivker,<\/strong>\u00a0quien figura como presidente de la Droguer\u00eda Suizo Argentino, logr\u00f3 escapar a tiempo y en su domicilio encontraron las cajas de seguridad vaciadas.<\/p>\n<p>El juez tambi\u00e9n secuestr\u00f3 el celular y pertenencias de\u00a0<strong>Daniel Garbellini,<\/strong>\u00a0quien seg\u00fan las palabras de Spagnuolo habr\u00eda sido el nexo entre la Droguer\u00eda Suizo Argentina y la Agencia de Discapacidad, puesto en dicho organismo por una supuesta imposici\u00f3n del asesor\u00a0<strong>\u201cLule\u201d Menem\u00a0<\/strong>para controlar el flujo de las coimas hacia la Casa Rosada, siempre seg\u00fan el relato de Spagnuolo.<\/p>\n<p>Al inicio del plenario, el presidente de la Comisi\u00f3n de Salud,<strong>\u00a0Pablo Yedlin\u00a0<\/strong>(Uni\u00f3n por la Patria), remarc\u00f3 que la finalidad de las interpelaciones es obtener \u201cexplicaciones y respuestas de los audios filtrados sobre presuntos pagos ilegales\u201d.<\/p>\n<p>En tanto, el tucumano lament\u00f3 que \u201clos informes escritos hayan quedado siempre sin respuesta\u201d de parte de los funcionarios.<\/p>\n<p>La diputada nacional de Uni\u00f3n por la Patria,\u00a0<strong>Sabrina Selva<\/strong>, autora de uno de los proyectos en cuesti\u00f3n, asegur\u00f3 que si es interpelada,\u00a0<strong>Karina Milei<\/strong>\u00a0tiene que comparecer obligadamente y no puede excusarse en el hecho de no tener rango de ministro.<\/p>\n<p>\u201cEl art\u00edculo 204 del reglamento de la C\u00e1mara de Diputados habilita, en uso del articulo 71 de la Constituci\u00f3n Nacional y la citaci\u00f3n a un ministros, se pueda citar a los secretarios que consideremos tengan la responsabilidad de dar explicaciones\u201d, explic\u00f3, y agreg\u00f3 que \u201cnadie duda que la secretaria general de la Presidencia tiene jerarqu\u00eda de ministra\u201d.<\/p>\n<\/div>\n<\/div>\n","protected":false},"excerpt":{"rendered":"<p>La oposici\u00f3n logr\u00f3 hoy avanzar con la firma del dictamen de mayor\u00eda para interpelar en la C\u00e1mara de Diputados a la secretaria general de la Presidencia,\u00a0Karina Milei,\u00a0y al ministro de Salud,\u00a0Mario Lugones,\u00a0en el marco del esc\u00e1ndalo\u00a0por presuntas coimas en la\u00a0Agencia Nacional de Discapacidad (ANDIS). Al cabo del plenario de las comisiones de Acci\u00f3n Social y [&hellip;]<\/p>\n","protected":false},"author":3,"featured_media":108149,"comment_status":"open","ping_status":"open","sticky":false,"template":"","format":"standard","meta":{"footnotes":""},"categories":[7],"tags":[],"class_list":{"0":"post-116457","1":"post","2":"type-post","3":"status-publish","4":"format-standard","5":"has-post-thumbnail","7":"category-nac"},"_links":{"self":[{"href":"https:\/\/primicias2262.com\/noticias\/wp-json\/wp\/v2\/posts\/116457","targetHints":{"allow":["GET"]}}],"collection":[{"href":"https:\/\/primicias2262.com\/noticias\/wp-json\/wp\/v2\/posts"}],"about":[{"href":"https:\/\/primicias2262.com\/noticias\/wp-json\/wp\/v2\/types\/post"}],"author":[{"embeddable":true,"href":"https:\/\/primicias2262.com\/noticias\/wp-json\/wp\/v2\/users\/3"}],"replies":[{"embeddable":true,"href":"https:\/\/primicias2262.com\/noticias\/wp-json\/wp\/v2\/comments?post=116457"}],"version-history":[{"count":1,"href":"https:\/\/primicias2262.com\/noticias\/wp-json\/wp\/v2\/posts\/116457\/revisions"}],"predecessor-version":[{"id":116458,"href":"https:\/\/primicias2262.com\/noticias\/wp-json\/wp\/v2\/posts\/116457\/revisions\/116458"}],"wp:featuredmedia":[{"embeddable":true,"href":"https:\/\/primicias2262.com\/noticias\/wp-json\/wp\/v2\/media\/108149"}],"wp:attachment":[{"href":"https:\/\/primicias2262.com\/noticias\/wp-json\/wp\/v2\/media?parent=116457"}],"wp:term":[{"taxonomy":"category","embeddable":true,"href":"https:\/\/primicias2262.com\/noticias\/wp-json\/wp\/v2\/categories?post=116457"},{"taxonomy":"post_tag","embeddable":true,"href":"https:\/\/primicias2262.com\/noticias\/wp-json\/wp\/v2\/tags?post=116457"}],"curies":[{"name":"wp","href":"https:\/\/api.w.org\/{rel}","templated":true}]}}