{"id":116459,"date":"2025-09-23T23:20:50","date_gmt":"2025-09-23T23:20:50","guid":{"rendered":"https:\/\/primicias2262.com\/noticias\/?p=116459"},"modified":"2025-09-23T23:20:50","modified_gmt":"2025-09-23T23:20:50","slug":"catalan-visito-en-catamarca-a-jalil-con-la-mira-en-recomponer-el-vinculo-con-gobernadores","status":"publish","type":"post","link":"https:\/\/primicias2262.com\/noticias\/catalan-visito-en-catamarca-a-jalil-con-la-mira-en-recomponer-el-vinculo-con-gobernadores\/","title":{"rendered":"Catal\u00e1n visit\u00f3 en Catamarca a Jalil, con la mira en recomponer el v\u00ednculo con gobernadores"},"content":{"rendered":"<div class=\"article-body\" data-tadevel-template=\"web\/article-body\">\n<div class=\"article-body-content\">\n<p>El ministro del Interior, Lisandro Catal\u00e1n, se reuni\u00f3 hoy en Catamarca con el gobernador Raul Jalil, con quien comparti\u00f3 \u00abuna agenda de trabajo sobre el presente y el futuro de la Argentina y el rol de las provincias en ese camino\u00bb.<\/p>\n<p>\u00abEl encuentro permiti\u00f3 profundizar el v\u00ednculo en l\u00ednea con los objetivos de nuestro Gobierno y con la visi\u00f3n y prioridades que compartimos\u00bb, agreg\u00f3 Catal\u00e1n en su cuenta de X.<\/p>\n<p>De esta manera, el nuevo ministro del Interior contin\u00faa aboc\u00e1ndose al operativo que puso en marcha la gesti\u00f3n libertaria para volver a recomponer el v\u00ednculo con los mandatarios provinciales dialoguistas con la Libertad Avanza, tras el fuerte distanciamiento que hubo en los \u00faltimos meses, situaci\u00f3n que algunos analistas consideran que dio lugar a los traspi\u00e9s pol\u00edticos y econ\u00f3micos recientes que afectaron al oficialismo.<\/p>\n<p>Durante la jornada, tambi\u00e9n Catal\u00e1n visit\u00f3 en Catamarca la ampliaci\u00f3n de la Estaci\u00f3n Transformadora Pantanillo y la Algodonera del Valle en el Parque Industrial El Pantanillo, \u00abun ejemplo de inversi\u00f3n privada que impulsa la capacidad productiva, la modernizaci\u00f3n y la dinamizaci\u00f3n regional\u00bb, seg\u00fan se\u00f1al\u00f3.<\/p>\n<p>\u00abRecibimos la visita del ministro del Interior, con quien desarrollamos una agenda de trabajo y recorrimos las f\u00e1bricas Algodonera del Valle y Confecat, ejemplos de inversi\u00f3n privada y apuesta por Catamarca. En El Pantanillo, tambi\u00e9n, dejamos inaugurada una obra clave: la ampliaci\u00f3n de la Estaci\u00f3n Transformadora, que permitir\u00e1 fortalecer el suministro el\u00e9ctrico para la industria, el sector productivo y los usuarios del sur de la ciudad\u00bb, sostuvo Jalil en X.<\/p>\n<\/div>\n<\/div>\n","protected":false},"excerpt":{"rendered":"<p>El ministro del Interior, Lisandro Catal\u00e1n, se reuni\u00f3 hoy en Catamarca con el gobernador Raul Jalil, con quien comparti\u00f3 \u00abuna agenda de trabajo sobre el presente y el futuro de la Argentina y el rol de las provincias en ese camino\u00bb. \u00abEl encuentro permiti\u00f3 profundizar el v\u00ednculo en l\u00ednea con los objetivos de nuestro Gobierno [&hellip;]<\/p>\n","protected":false},"author":3,"featured_media":116460,"comment_status":"open","ping_status":"open","sticky":false,"template":"","format":"standard","meta":{"footnotes":""},"categories":[7],"tags":[],"class_list":{"0":"post-116459","1":"post","2":"type-post","3":"status-publish","4":"format-standard","5":"has-post-thumbnail","7":"category-nac"},"_links":{"self":[{"href":"https:\/\/primicias2262.com\/noticias\/wp-json\/wp\/v2\/posts\/116459","targetHints":{"allow":["GET"]}}],"collection":[{"href":"https:\/\/primicias2262.com\/noticias\/wp-json\/wp\/v2\/posts"}],"about":[{"href":"https:\/\/primicias2262.com\/noticias\/wp-json\/wp\/v2\/types\/post"}],"author":[{"embeddable":true,"href":"https:\/\/primicias2262.com\/noticias\/wp-json\/wp\/v2\/users\/3"}],"replies":[{"embeddable":true,"href":"https:\/\/primicias2262.com\/noticias\/wp-json\/wp\/v2\/comments?post=116459"}],"version-history":[{"count":1,"href":"https:\/\/primicias2262.com\/noticias\/wp-json\/wp\/v2\/posts\/116459\/revisions"}],"predecessor-version":[{"id":116461,"href":"https:\/\/primicias2262.com\/noticias\/wp-json\/wp\/v2\/posts\/116459\/revisions\/116461"}],"wp:featuredmedia":[{"embeddable":true,"href":"https:\/\/primicias2262.com\/noticias\/wp-json\/wp\/v2\/media\/116460"}],"wp:attachment":[{"href":"https:\/\/primicias2262.com\/noticias\/wp-json\/wp\/v2\/media?parent=116459"}],"wp:term":[{"taxonomy":"category","embeddable":true,"href":"https:\/\/primicias2262.com\/noticias\/wp-json\/wp\/v2\/categories?post=116459"},{"taxonomy":"post_tag","embeddable":true,"href":"https:\/\/primicias2262.com\/noticias\/wp-json\/wp\/v2\/tags?post=116459"}],"curies":[{"name":"wp","href":"https:\/\/api.w.org\/{rel}","templated":true}]}}