{"id":116462,"date":"2025-09-23T23:23:34","date_gmt":"2025-09-23T23:23:34","guid":{"rendered":"https:\/\/primicias2262.com\/noticias\/?p=116462"},"modified":"2025-09-23T23:23:34","modified_gmt":"2025-09-23T23:23:34","slug":"la-corte-suprema-dejo-firme-la-prision-de-jose-alperovich","status":"publish","type":"post","link":"https:\/\/primicias2262.com\/noticias\/la-corte-suprema-dejo-firme-la-prision-de-jose-alperovich\/","title":{"rendered":"La Corte Suprema dej\u00f3 firme la prisi\u00f3n de Jos\u00e9 Alperovich"},"content":{"rendered":"<div class=\"article-body\" data-tadevel-template=\"web\/article-body\">\n<div class=\"article-body-content\">\n<p>La Corte Suprema de Justicia rechaz\u00f3 un recurso extraordinario presentado por la defensa de Jos\u00e9 Alperovich y dej\u00f3 firme la decisi\u00f3n de encarcelar al ex gobernador de Tucum\u00e1n, condenado a 16 a\u00f1os de prisi\u00f3n por abuso sexual agravado.<\/p>\n<p>El m\u00e1ximo tribunal, con los votos de Horacio Rosatti, Carlos Rosenkrantz y Ricardo Lorenzetti, consider\u00f3 inadmisible la presentaci\u00f3n y confirm\u00f3 as\u00ed lo resuelto por instancias anteriores que hab\u00edan denegado su excarcelaci\u00f3n.<\/p>\n<p>El 18 de junio de 2024, el Tribunal Oral en lo Criminal y Correccional N\u00ba29, a cargo del juez Ramos Padilla, hab\u00eda condenado a Alperovich por tres hechos de abuso sexual simple y seis de abuso sexual agravado, cometidos entre 2017 y 2018 contra una sobrina suya que trabajaba en su campa\u00f1a electoral. Esa misma jornada, se dispuso su inmediata detenci\u00f3n.<\/p>\n<p>La fiscal\u00eda advirti\u00f3 que el ex mandatario tucumano pose\u00eda \u201csobrados medios econ\u00f3micos y relaciones de poder\u201d que elevaban el riesgo de fuga, mientras que el tribunal destac\u00f3 las \u201cpruebas s\u00f3lidas, precisas y concordantes\u201d presentadas en el juicio oral.<\/p>\n<p>La defensa hab\u00eda apelado alegando vulneraci\u00f3n de la presunci\u00f3n de inocencia y ausencia de riesgo procesal, pero la C\u00e1mara de Casaci\u00f3n y luego la Corte desestimaron sus planteos.<\/p>\n<p>La denuncia que deriv\u00f3 en el proceso judicial fue presentada en 2019 por la v\u00edctima, 35 a\u00f1os menor que el ex senador nacional, quien relat\u00f3 abusos ocurridos en Tucum\u00e1n y en un departamento de Puerto Madero. Seg\u00fan la acusaci\u00f3n, Alperovich se vali\u00f3 de su relaci\u00f3n de poder, autoridad y dependencia laboral para consumar los ataques.<\/p>\n<\/div>\n<\/div>\n","protected":false},"excerpt":{"rendered":"<p>La Corte Suprema de Justicia rechaz\u00f3 un recurso extraordinario presentado por la defensa de Jos\u00e9 Alperovich y dej\u00f3 firme la decisi\u00f3n de encarcelar al ex gobernador de Tucum\u00e1n, condenado a 16 a\u00f1os de prisi\u00f3n por abuso sexual agravado. El m\u00e1ximo tribunal, con los votos de Horacio Rosatti, Carlos Rosenkrantz y Ricardo Lorenzetti, consider\u00f3 inadmisible la [&hellip;]<\/p>\n","protected":false},"author":3,"featured_media":116463,"comment_status":"open","ping_status":"open","sticky":false,"template":"","format":"standard","meta":{"footnotes":""},"categories":[7],"tags":[],"class_list":{"0":"post-116462","1":"post","2":"type-post","3":"status-publish","4":"format-standard","5":"has-post-thumbnail","7":"category-nac"},"_links":{"self":[{"href":"https:\/\/primicias2262.com\/noticias\/wp-json\/wp\/v2\/posts\/116462","targetHints":{"allow":["GET"]}}],"collection":[{"href":"https:\/\/primicias2262.com\/noticias\/wp-json\/wp\/v2\/posts"}],"about":[{"href":"https:\/\/primicias2262.com\/noticias\/wp-json\/wp\/v2\/types\/post"}],"author":[{"embeddable":true,"href":"https:\/\/primicias2262.com\/noticias\/wp-json\/wp\/v2\/users\/3"}],"replies":[{"embeddable":true,"href":"https:\/\/primicias2262.com\/noticias\/wp-json\/wp\/v2\/comments?post=116462"}],"version-history":[{"count":1,"href":"https:\/\/primicias2262.com\/noticias\/wp-json\/wp\/v2\/posts\/116462\/revisions"}],"predecessor-version":[{"id":116464,"href":"https:\/\/primicias2262.com\/noticias\/wp-json\/wp\/v2\/posts\/116462\/revisions\/116464"}],"wp:featuredmedia":[{"embeddable":true,"href":"https:\/\/primicias2262.com\/noticias\/wp-json\/wp\/v2\/media\/116463"}],"wp:attachment":[{"href":"https:\/\/primicias2262.com\/noticias\/wp-json\/wp\/v2\/media?parent=116462"}],"wp:term":[{"taxonomy":"category","embeddable":true,"href":"https:\/\/primicias2262.com\/noticias\/wp-json\/wp\/v2\/categories?post=116462"},{"taxonomy":"post_tag","embeddable":true,"href":"https:\/\/primicias2262.com\/noticias\/wp-json\/wp\/v2\/tags?post=116462"}],"curies":[{"name":"wp","href":"https:\/\/api.w.org\/{rel}","templated":true}]}}