{"id":116480,"date":"2025-09-24T19:10:04","date_gmt":"2025-09-24T19:10:04","guid":{"rendered":"https:\/\/primicias2262.com\/noticias\/?p=116480"},"modified":"2025-09-24T19:10:04","modified_gmt":"2025-09-24T19:10:04","slug":"chicas-desaparecidas-en-la-matanza-confirmaron-que-los-cuerpos-hallados-son-de-morena-lara-y-brenda","status":"publish","type":"post","link":"https:\/\/primicias2262.com\/noticias\/chicas-desaparecidas-en-la-matanza-confirmaron-que-los-cuerpos-hallados-son-de-morena-lara-y-brenda\/","title":{"rendered":"Chicas desaparecidas en La Matanza: confirmaron que los cuerpos hallados son de Morena, Lara y Brenda"},"content":{"rendered":"<p>El primo de Morena y Brenda manifest\u00f3 que las familias\u00a0<strong>\u00abesperan justicia\u00bb\u00a0<\/strong>porque se sienten\u00a0<strong>\u00abdestrozados\u00bb.<\/strong><\/p>\n<p>Federico expres\u00f3 que los seres queridos de las damnificadas<strong>\u00a0\u00abno tienen ganas de nada\u00bb<\/strong>\u00a0a ra\u00edz de que\u00a0<strong>\u00abest\u00e1n hechos mierda\u00bb\u00a0<\/strong>por el triple femicidio perpetrado en la zona sur.<\/p>\n<p><strong>\u00abMis primas la ligaron de rebote\u00bb,<\/strong>\u00a0consider\u00f3 el joven acerca del caso que hasta el momento tiene cuatro detenidos.<\/p>\n<p>Morena, Brenda y Lara estaban desaparecidas desde el viernes cuando fueron vista por \u00faltima vez con vida en una estaci\u00f3n de servicio de La Matanza.<\/p>\n<p>La madre de Brenda, una de las tres j\u00f3venes que fue asesinada en el partido bonaerense de Florencio Varela, reclam\u00f3 que\u00a0<strong>\u201cpaguen todos los que tengan que pagar\u00bb.<\/strong><\/p>\n<p>Paula dialog\u00f3 con la prensa y expres\u00f3 su dolor por el triple femicidio:\u00a0<strong>\u201cMe sacaron a mi hija y quiero que paguen\u201d.<\/strong><\/p>\n<p><strong>\u201cLes agradezco a todos los que nos est\u00e1n acompa\u00f1ando en este duro momento\u201d<\/strong>, agreg\u00f3 la madre de Brenda.<\/p>\n<p>La principal l\u00ednea investigativa de qu\u00e9 pas\u00f3 aquella noche violenta del 19 de septiembre en el que fueron asesinadas las j\u00f3venes Morena Verri, Brenda Loreley Del Castillo y Lara Morena Guti\u00e9rrez en Florencio Varela, estar\u00eda relacionada a un\u00a0<strong>ajuste de cuentas por el robo de droga a un l\u00edder narco peruano del barrio 1-11-14.<\/strong><\/p>\n<p>De acuerdo a lo que pudo saber la\u00a0<i>agencia Noticias Argentinas<\/i>, la cruel historia se inici\u00f3 d\u00edas atr\u00e1s cuando la menor habr\u00eda mantenido un encuentro con uno de los integrantes de esta organizaci\u00f3n narco. All\u00ed\u00a0<strong>le rob\u00f3 parte de la coca\u00edna, lo que deriv\u00f3 en un conflicto<\/strong>.<\/p>\n<p>Frente a este escenario, se estima que la banda organiz\u00f3 como venganza la presunta \u201cfiesta narco\u201d en dicha vivienda.\u00a0<strong>Los detenidos las llevaron enga\u00f1adas con la presunci\u00f3n de un trabajo donde iban a cobrar 300 d\u00f3lares cada uno, pero fueron asesinaron de\u00a0manera\u00a0brutal.<\/strong><\/p>\n","protected":false},"excerpt":{"rendered":"<p>El primo de Morena y Brenda manifest\u00f3 que las familias\u00a0\u00abesperan justicia\u00bb\u00a0porque se sienten\u00a0\u00abdestrozados\u00bb. Federico expres\u00f3 que los seres queridos de las damnificadas\u00a0\u00abno tienen ganas de nada\u00bb\u00a0a ra\u00edz de que\u00a0\u00abest\u00e1n hechos mierda\u00bb\u00a0por el triple femicidio perpetrado en la zona sur. \u00abMis primas la ligaron de rebote\u00bb,\u00a0consider\u00f3 el joven acerca del caso que hasta el momento tiene [&hellip;]<\/p>\n","protected":false},"author":3,"featured_media":116481,"comment_status":"open","ping_status":"open","sticky":false,"template":"","format":"standard","meta":{"footnotes":""},"categories":[7],"tags":[],"class_list":{"0":"post-116480","1":"post","2":"type-post","3":"status-publish","4":"format-standard","5":"has-post-thumbnail","7":"category-nac"},"_links":{"self":[{"href":"https:\/\/primicias2262.com\/noticias\/wp-json\/wp\/v2\/posts\/116480","targetHints":{"allow":["GET"]}}],"collection":[{"href":"https:\/\/primicias2262.com\/noticias\/wp-json\/wp\/v2\/posts"}],"about":[{"href":"https:\/\/primicias2262.com\/noticias\/wp-json\/wp\/v2\/types\/post"}],"author":[{"embeddable":true,"href":"https:\/\/primicias2262.com\/noticias\/wp-json\/wp\/v2\/users\/3"}],"replies":[{"embeddable":true,"href":"https:\/\/primicias2262.com\/noticias\/wp-json\/wp\/v2\/comments?post=116480"}],"version-history":[{"count":1,"href":"https:\/\/primicias2262.com\/noticias\/wp-json\/wp\/v2\/posts\/116480\/revisions"}],"predecessor-version":[{"id":116482,"href":"https:\/\/primicias2262.com\/noticias\/wp-json\/wp\/v2\/posts\/116480\/revisions\/116482"}],"wp:featuredmedia":[{"embeddable":true,"href":"https:\/\/primicias2262.com\/noticias\/wp-json\/wp\/v2\/media\/116481"}],"wp:attachment":[{"href":"https:\/\/primicias2262.com\/noticias\/wp-json\/wp\/v2\/media?parent=116480"}],"wp:term":[{"taxonomy":"category","embeddable":true,"href":"https:\/\/primicias2262.com\/noticias\/wp-json\/wp\/v2\/categories?post=116480"},{"taxonomy":"post_tag","embeddable":true,"href":"https:\/\/primicias2262.com\/noticias\/wp-json\/wp\/v2\/tags?post=116480"}],"curies":[{"name":"wp","href":"https:\/\/api.w.org\/{rel}","templated":true}]}}