{"id":116486,"date":"2025-09-24T19:19:05","date_gmt":"2025-09-24T19:19:05","guid":{"rendered":"https:\/\/primicias2262.com\/noticias\/?p=116486"},"modified":"2025-09-24T19:19:54","modified_gmt":"2025-09-24T19:19:54","slug":"colapinto-recordo-la-epoca-en-la-que-se-fue-a-vivir-a-europa-tenia-13-o-14-anos-y-estaba-solo","status":"publish","type":"post","link":"https:\/\/primicias2262.com\/noticias\/colapinto-recordo-la-epoca-en-la-que-se-fue-a-vivir-a-europa-tenia-13-o-14-anos-y-estaba-solo\/","title":{"rendered":"Colapinto record\u00f3 la \u00e9poca en la que se fue a vivir a Europa: \u201cTen\u00eda 13 o 14 a\u00f1os y estaba solo\u201d"},"content":{"rendered":"<div class=\"article-body\" data-tadevel-template=\"web\/article-body\">\n<div class=\"article-body-content\">\n<article>El piloto argentino\u00a0<strong>Franco Colapinto<\/strong>, quien actualmente\u00a0<strong>corre para la escuder\u00eda Alpine de F\u00f3rmula 1<\/strong>, record\u00f3 la\u00a0<strong>\u00e9poca en la que se fue a vivir a Europa: \u201cTen\u00eda 13 o 14 a\u00f1os y estaba solo\u201d.<\/strong>En di\u00e1logo para\u00a0<strong>Beyond The Grid<\/strong>, que es el podcast oficial de la F\u00f3rmula 1, Colapinto cont\u00f3 que\u00a0<strong>\u201ccuando me mud\u00e9 a Europa solo ten\u00eda 14 o 13 a\u00f1os y fue complicado para m\u00ed.<\/strong>\u00a0Cuando todo va bien es f\u00e1cil disfrutar y estar feliz, pero cuando no va bien y est\u00e1s solo&#8230;\u201d.<\/p>\n<p>Adem\u00e1s, confes\u00f3: \u201c<strong>No ten\u00eda ning\u00fan amigo. Yo estaba en una f\u00e1brica, no hab\u00eda nada. Estaba solo, no ten\u00eda manager, solo estaba con los mec\u00e1nicos todos los d\u00edas\u201d.<\/strong><\/p>\n<p>Pese a lo dura que fue aquella \u00e9poca, Colapinto siempre se mantuvo firme en b\u00fasqueda de cumplir su sue\u00f1o de llegar a la F\u00f3rmula 1 y prueba de ello es una situaci\u00f3n que revivi\u00f3 en el mencionado podcast: \u201cDespu\u00e9s de una carrera en Inglaterra, hab\u00eda que cruzar el canal y tuve que mostrar el pasaporte porque era argentino. Me baj\u00e9, mostr\u00e9 los papeles que mis pap\u00e1s hab\u00edan firmado para que pudiera viajar solo y la mujer que lo recibi\u00f3 me dijo: \u2018No pod\u00e9s estar ac\u00e1, ten\u00e9s que estar en el colegio\u2019. Le dije que estaba ah\u00ed para hacer lo que amo, porque para m\u00ed la mejor escuela es vivir la vida que nunca imaginaste o que nadie m\u00e1s est\u00e1 viviendo\u201d.<\/p>\n<p>Por \u00faltimo,\u00a0<strong>revel\u00f3 el valor que tuvieron sus padres al aceptar que se vaya a Europa<\/strong>\u00a0solo para competir:\u00a0<strong>\u201cTodos pensaron que estaba loco por hacer eso, que mi familia estaba loca por dejarme hacerlo.<\/strong>\u00a0\u00bfQui\u00e9n dejar\u00eda que su hijo tan peque\u00f1o se vaya a la otra parte del mundo donde no sabe el idioma? No creo que muchos padres hagan eso. En ese momento fue una decisi\u00f3n muy dif\u00edcil para ellos\u201d.<\/p>\n<p><strong>Colapinto est\u00e1 disputando su segunda temporada en la F\u00f3rmula 1. El a\u00f1o pasado debut\u00f3 en dicha categor\u00eda con la escuder\u00eda brit\u00e1nica<\/strong>\u00a0<strong>Williams<\/strong>, corri\u00f3 en nueve Grandes Premios y lleg\u00f3 a sumar cinco puntos gracias al octavo y d\u00e9cimo puesto obtenidos en los GP de Azerbaiy\u00e1n y Estados Unidos, respectivamente.<\/p>\n<p><strong>En este 2025, Colapinto corri\u00f3 en 11 Grandes Premios con la escuder\u00eda francesa Alpine, que es la peor de la parrilla, y a\u00fan no pudo sumar puntos.<\/strong><\/p>\n<\/article>\n<\/div>\n<\/div>\n","protected":false},"excerpt":{"rendered":"<p>El piloto argentino\u00a0Franco Colapinto, quien actualmente\u00a0corre para la escuder\u00eda Alpine de F\u00f3rmula 1, record\u00f3 la\u00a0\u00e9poca en la que se fue a vivir a Europa: \u201cTen\u00eda 13 o 14 a\u00f1os y estaba solo\u201d.En di\u00e1logo para\u00a0Beyond The Grid, que es el podcast oficial de la F\u00f3rmula 1, Colapinto cont\u00f3 que\u00a0\u201ccuando me mud\u00e9 a Europa solo ten\u00eda 14 [&hellip;]<\/p>\n","protected":false},"author":3,"featured_media":116487,"comment_status":"open","ping_status":"open","sticky":false,"template":"","format":"standard","meta":{"footnotes":""},"categories":[7],"tags":[],"class_list":{"0":"post-116486","1":"post","2":"type-post","3":"status-publish","4":"format-standard","5":"has-post-thumbnail","7":"category-nac"},"_links":{"self":[{"href":"https:\/\/primicias2262.com\/noticias\/wp-json\/wp\/v2\/posts\/116486","targetHints":{"allow":["GET"]}}],"collection":[{"href":"https:\/\/primicias2262.com\/noticias\/wp-json\/wp\/v2\/posts"}],"about":[{"href":"https:\/\/primicias2262.com\/noticias\/wp-json\/wp\/v2\/types\/post"}],"author":[{"embeddable":true,"href":"https:\/\/primicias2262.com\/noticias\/wp-json\/wp\/v2\/users\/3"}],"replies":[{"embeddable":true,"href":"https:\/\/primicias2262.com\/noticias\/wp-json\/wp\/v2\/comments?post=116486"}],"version-history":[{"count":2,"href":"https:\/\/primicias2262.com\/noticias\/wp-json\/wp\/v2\/posts\/116486\/revisions"}],"predecessor-version":[{"id":116489,"href":"https:\/\/primicias2262.com\/noticias\/wp-json\/wp\/v2\/posts\/116486\/revisions\/116489"}],"wp:featuredmedia":[{"embeddable":true,"href":"https:\/\/primicias2262.com\/noticias\/wp-json\/wp\/v2\/media\/116487"}],"wp:attachment":[{"href":"https:\/\/primicias2262.com\/noticias\/wp-json\/wp\/v2\/media?parent=116486"}],"wp:term":[{"taxonomy":"category","embeddable":true,"href":"https:\/\/primicias2262.com\/noticias\/wp-json\/wp\/v2\/categories?post=116486"},{"taxonomy":"post_tag","embeddable":true,"href":"https:\/\/primicias2262.com\/noticias\/wp-json\/wp\/v2\/tags?post=116486"}],"curies":[{"name":"wp","href":"https:\/\/api.w.org\/{rel}","templated":true}]}}