{"id":116490,"date":"2025-09-24T19:22:48","date_gmt":"2025-09-24T19:22:48","guid":{"rendered":"https:\/\/primicias2262.com\/noticias\/?p=116490"},"modified":"2025-09-24T19:22:48","modified_gmt":"2025-09-24T19:22:48","slug":"los-kovalivker-contra-las-cuerdas-allanan-osprera-y-buscan-datos-de-la-drogueria-suizo-argentina","status":"publish","type":"post","link":"https:\/\/primicias2262.com\/noticias\/los-kovalivker-contra-las-cuerdas-allanan-osprera-y-buscan-datos-de-la-drogueria-suizo-argentina\/","title":{"rendered":"Los Kovalivker contra las cuerdas: allanan Osprera y buscan datos de la droguer\u00eda Suizo Argentina"},"content":{"rendered":"<p>La Justicia federal orden\u00f3 este mi\u00e9rcoles una serie de\u00a0<strong>allanamientos en la sede de la obra social del gremio de empleados rurales (Osprera) y en las oficinas de la Superintendencia de Salud (SSS)<\/strong>\u00a0en el marco de la causa que investiga la intervenci\u00f3n de esa entidad. Seg\u00fan inform\u00f3 el diario\u00a0<strong>La Naci\u00f3n<\/strong>, la orden del juez\u00a0<strong>Sebasti\u00e1n Casanello<\/strong>\u00a0busca secuestrar documentaci\u00f3n vinculada a los contratos con la\u00a0<strong>droguer\u00eda Suizo Argentina<\/strong>.<\/p>\n<p>El operativo, a cargo de la Polic\u00eda Federal, se centra en la sede de Osprera en la calle Reconquista al 600. El objetivo es recabar pruebas sobre la relaci\u00f3n comercial con la droguer\u00eda, que\u00a0<strong>en los primeros cinco meses de la intervenci\u00f3n dispuesta por el Gobierno recibi\u00f3 \u00f3rdenes de pago por m\u00e1s de $7.700 millones<\/strong>. Una auditor\u00eda previa hab\u00eda revelado que Osprera ya le deb\u00eda a Suizo Argentina m\u00e1s de $3.000 millones.<\/p>\n<h3>Una trama de llamados y v\u00ednculos pol\u00edticos<\/h3>\n<p>La investigaci\u00f3n, a cargo del fiscal\u00a0<strong>Guillermo Mariju\u00e1n<\/strong>, se inici\u00f3 por una denuncia del titular de la Uatre,\u00a0<strong>Jos\u00e9 Voytenco<\/strong>, contra sus rivales internos. Hace dos semanas, el fiscal hab\u00eda solicitado la indagatoria del secretario de Trabajo,\u00a0<strong>Julio Cordero<\/strong>, del interventor en Osprera,\u00a0<strong>Marcelo Petroni<\/strong>, y del diputado\u00a0<strong>Pablo Ansaloni<\/strong>, entre otros.<\/p>\n<p>La causa, que se encuentra bajo secreto de sumario, avanza sobre el an\u00e1lisis de los v\u00ednculos entre los implicados. Una pericia al tel\u00e9fono del interventor Petroni revel\u00f3\u00a0<strong>siete comunicaciones con el secretario de Trabajo Cordero<\/strong>\u00a0y mensajes de WhatsApp que evidencian una relaci\u00f3n de confianza.<\/p>\n<p>El peritaje tambi\u00e9n expuso el estrecho v\u00ednculo entre Petroni y\u00a0<strong>Eduardo \u201cLule\u201d Menem<\/strong>. En un mensaje a un empleado de la Secretar\u00eda de Trabajo, el interventor afirm\u00f3:\u00a0<strong>\u201cNosotros somos Lule y Karina\u201d<\/strong>. En otras conversaciones, Petroni mencion\u00f3 haberse reunido con Cordero, el ministro de Salud Mario Lugones, y con\u00a0<strong>Mart\u00edn Menem en la Casa Rosada<\/strong>. El juez Casanello aguarda el resultado de estas medidas para resolver los pedidos de indagatoria.<\/p>\n","protected":false},"excerpt":{"rendered":"<p>La Justicia federal orden\u00f3 este mi\u00e9rcoles una serie de\u00a0allanamientos en la sede de la obra social del gremio de empleados rurales (Osprera) y en las oficinas de la Superintendencia de Salud (SSS)\u00a0en el marco de la causa que investiga la intervenci\u00f3n de esa entidad. Seg\u00fan inform\u00f3 el diario\u00a0La Naci\u00f3n, la orden del juez\u00a0Sebasti\u00e1n Casanello\u00a0busca secuestrar [&hellip;]<\/p>\n","protected":false},"author":3,"featured_media":116491,"comment_status":"open","ping_status":"open","sticky":false,"template":"","format":"standard","meta":{"footnotes":""},"categories":[7],"tags":[],"class_list":{"0":"post-116490","1":"post","2":"type-post","3":"status-publish","4":"format-standard","5":"has-post-thumbnail","7":"category-nac"},"_links":{"self":[{"href":"https:\/\/primicias2262.com\/noticias\/wp-json\/wp\/v2\/posts\/116490","targetHints":{"allow":["GET"]}}],"collection":[{"href":"https:\/\/primicias2262.com\/noticias\/wp-json\/wp\/v2\/posts"}],"about":[{"href":"https:\/\/primicias2262.com\/noticias\/wp-json\/wp\/v2\/types\/post"}],"author":[{"embeddable":true,"href":"https:\/\/primicias2262.com\/noticias\/wp-json\/wp\/v2\/users\/3"}],"replies":[{"embeddable":true,"href":"https:\/\/primicias2262.com\/noticias\/wp-json\/wp\/v2\/comments?post=116490"}],"version-history":[{"count":1,"href":"https:\/\/primicias2262.com\/noticias\/wp-json\/wp\/v2\/posts\/116490\/revisions"}],"predecessor-version":[{"id":116492,"href":"https:\/\/primicias2262.com\/noticias\/wp-json\/wp\/v2\/posts\/116490\/revisions\/116492"}],"wp:featuredmedia":[{"embeddable":true,"href":"https:\/\/primicias2262.com\/noticias\/wp-json\/wp\/v2\/media\/116491"}],"wp:attachment":[{"href":"https:\/\/primicias2262.com\/noticias\/wp-json\/wp\/v2\/media?parent=116490"}],"wp:term":[{"taxonomy":"category","embeddable":true,"href":"https:\/\/primicias2262.com\/noticias\/wp-json\/wp\/v2\/categories?post=116490"},{"taxonomy":"post_tag","embeddable":true,"href":"https:\/\/primicias2262.com\/noticias\/wp-json\/wp\/v2\/tags?post=116490"}],"curies":[{"name":"wp","href":"https:\/\/api.w.org\/{rel}","templated":true}]}}