{"id":116511,"date":"2025-09-25T22:50:16","date_gmt":"2025-09-25T22:50:16","guid":{"rendered":"https:\/\/primicias2262.com\/noticias\/?p=116511"},"modified":"2025-09-25T22:50:16","modified_gmt":"2025-09-25T22:50:16","slug":"triple-crimen-de-florencio-varela-se-negaron-a-declarar-los-cuatro-sospechosos-y-seguiran-detenidos","status":"publish","type":"post","link":"https:\/\/primicias2262.com\/noticias\/triple-crimen-de-florencio-varela-se-negaron-a-declarar-los-cuatro-sospechosos-y-seguiran-detenidos\/","title":{"rendered":"Triple crimen de Florencio Varela: se negaron a declarar los cuatro sospechosos y seguir\u00e1n detenidos"},"content":{"rendered":"<div class=\"article-body\" data-tadevel-template=\"web\/article-body\">\n<div class=\"article-body-content\">\n<p><strong>Los cuatro sospechosos por los cr\u00edmenes de Morena Verdi (20), Brenda Del Castillo (20) y Lara Guti\u00e9rrez (15)<\/strong>\u00a0en el partido bonaerense de Florencio Varela\u00a0<strong>se negaron a declarar\u00a0<\/strong>ante el fiscal Gast\u00f3n Dupla\u00e1.<\/p>\n<p>De acuerdo al comunicado que accedi\u00f3 la agencia\u00a0<i>Noticias Argentinas,<\/i><strong>\u00a0Miguel \u00c1ngel Villanueva Silva<\/strong>\u00a0(25),\u00a0<strong>Mar\u00eda Celeste Gonz\u00e1lez Guerrero<\/strong>\u00a0(28),\u00a0<strong>Daniela Iara Ibarra<\/strong>\u00a0(19) y\u00a0<strong>Maximiliano Andr\u00e9s Parra (18) \u201chicieron uso del derecho constitucional\u201d<\/strong>\u00a0de no responder preguntas.<\/p>\n<p>El funcionario judicial dispuso que los dos hombres y las dos mujeres permanezcan arrestados por el delito de\u00a0<strong>\u201cHomicidio calificado por ser cometido con el concurso premeditado de dos o mas personas, por ser cometido por alevos\u00eda y ensa\u00f1amiento y por su comisi\u00f3n por un hombre contra una mujer mediante violencia de g\u00e9nero\u201d.<\/strong><\/p>\n<p>Sin embargo, Dupla\u00e1 abandon\u00f3 la investigaci\u00f3n y el caso ser\u00e1 asumido este viernes por el fiscal Adri\u00e1n Arribas, que le confirm\u00f3 a NA:\u00a0<strong>\u201cLa ped\u00ed para ma\u00f1ana a las 8:00 de la ma\u00f1ana con todos los detalles y ya arm\u00e9 una mesa de trabajo con el jefe de la DDI La Matanza\u201d.<\/strong><\/p>\n<\/div>\n<\/div>\n","protected":false},"excerpt":{"rendered":"<p>Los cuatro sospechosos por los cr\u00edmenes de Morena Verdi (20), Brenda Del Castillo (20) y Lara Guti\u00e9rrez (15)\u00a0en el partido bonaerense de Florencio Varela\u00a0se negaron a declarar\u00a0ante el fiscal Gast\u00f3n Dupla\u00e1. De acuerdo al comunicado que accedi\u00f3 la agencia\u00a0Noticias Argentinas,\u00a0Miguel \u00c1ngel Villanueva Silva\u00a0(25),\u00a0Mar\u00eda Celeste Gonz\u00e1lez Guerrero\u00a0(28),\u00a0Daniela Iara Ibarra\u00a0(19) y\u00a0Maximiliano Andr\u00e9s Parra (18) \u201chicieron uso del [&hellip;]<\/p>\n","protected":false},"author":3,"featured_media":116512,"comment_status":"open","ping_status":"open","sticky":false,"template":"","format":"standard","meta":{"footnotes":""},"categories":[7],"tags":[],"class_list":{"0":"post-116511","1":"post","2":"type-post","3":"status-publish","4":"format-standard","5":"has-post-thumbnail","7":"category-nac"},"_links":{"self":[{"href":"https:\/\/primicias2262.com\/noticias\/wp-json\/wp\/v2\/posts\/116511","targetHints":{"allow":["GET"]}}],"collection":[{"href":"https:\/\/primicias2262.com\/noticias\/wp-json\/wp\/v2\/posts"}],"about":[{"href":"https:\/\/primicias2262.com\/noticias\/wp-json\/wp\/v2\/types\/post"}],"author":[{"embeddable":true,"href":"https:\/\/primicias2262.com\/noticias\/wp-json\/wp\/v2\/users\/3"}],"replies":[{"embeddable":true,"href":"https:\/\/primicias2262.com\/noticias\/wp-json\/wp\/v2\/comments?post=116511"}],"version-history":[{"count":1,"href":"https:\/\/primicias2262.com\/noticias\/wp-json\/wp\/v2\/posts\/116511\/revisions"}],"predecessor-version":[{"id":116513,"href":"https:\/\/primicias2262.com\/noticias\/wp-json\/wp\/v2\/posts\/116511\/revisions\/116513"}],"wp:featuredmedia":[{"embeddable":true,"href":"https:\/\/primicias2262.com\/noticias\/wp-json\/wp\/v2\/media\/116512"}],"wp:attachment":[{"href":"https:\/\/primicias2262.com\/noticias\/wp-json\/wp\/v2\/media?parent=116511"}],"wp:term":[{"taxonomy":"category","embeddable":true,"href":"https:\/\/primicias2262.com\/noticias\/wp-json\/wp\/v2\/categories?post=116511"},{"taxonomy":"post_tag","embeddable":true,"href":"https:\/\/primicias2262.com\/noticias\/wp-json\/wp\/v2\/tags?post=116511"}],"curies":[{"name":"wp","href":"https:\/\/api.w.org\/{rel}","templated":true}]}}