{"id":116520,"date":"2025-09-25T23:13:43","date_gmt":"2025-09-25T23:13:43","guid":{"rendered":"https:\/\/primicias2262.com\/noticias\/?p=116520"},"modified":"2025-09-25T23:13:43","modified_gmt":"2025-09-25T23:13:43","slug":"vialidad-por-inaccion-del-estado-cristina-kirchner-no-pagara-una-demanda-de-22-300-millones","status":"publish","type":"post","link":"https:\/\/primicias2262.com\/noticias\/vialidad-por-inaccion-del-estado-cristina-kirchner-no-pagara-una-demanda-de-22-300-millones\/","title":{"rendered":"Vialidad: por inacci\u00f3n del Estado, Cristina Kirchner no pagar\u00e1 una demanda de $22.300 millones"},"content":{"rendered":"<div class=\"article-body\" data-tadevel-template=\"web\/article-body\">\n<div class=\"article-body-content\">\n<p>La Sala III de la C\u00e1mara Civil y Comercial Federal dej\u00f3 firme un fallo que beneficia a Cristina Kirchner, quien ya no deber\u00e1 pagar un resarcimiento de\u00a0<strong>$22.300 millones<\/strong>\u00a0que el Estado le reclamaba en una demanda civil por la causa Vialidad. Seg\u00fan inform\u00f3 el diario\u00a0<strong>Clar\u00edn<\/strong>, la decisi\u00f3n se tom\u00f3 por la inactividad procesal de la parte demandante, es decir, del propio Gobierno a trav\u00e9s de Vialidad Nacional.<\/p>\n<p>La decisi\u00f3n de los jueces Juan Perozziello Vizier y Eduardo Daniel Gottardi, en un voto dividido, confirm\u00f3 la sentencia del juez de primera instancia Marcelo Bruno Dos Santos, que declar\u00f3 la\u00a0<strong>\u00abcaducidad de la instancia\u00bb<\/strong>. La defensa de la expresidenta, a cargo de Luis Goldin, hab\u00eda solicitado la medida argumentando que no hubo avances en el expediente desde marzo de 2023.<\/p>\n<h3><strong>Caducidad por inacci\u00f3n procesal<\/strong><\/h3>\n<p>El argumento central del fallo es que la parte demandante, Vialidad Nacional, no impuls\u00f3 nuevas medidas durante el plazo de seis meses que contempla el C\u00f3digo Procesal.\u00a0<strong>Seg\u00fan supo Noticias Argentinas<\/strong>, a pesar de que el organismo estatal intent\u00f3 justificar la demora, los jueces consideraron que \u00abel \u00faltimo acto impulsorio que registra la causa es del 17 de marzo de 2023\u00bb, por lo que correspond\u00eda dar por ca\u00eddo el proceso.<\/p>\n<p>El fallo remarca que la caducidad busca \u00abevitar la prolongaci\u00f3n indefinida de los procesos judiciales, en detrimento de los valores jur\u00eddicos de paz y seguridad y, en definitiva, de una buena administraci\u00f3n de justicia\u201d.<\/p>\n<h3><strong>El decomiso de la causa penal sigue activo<\/strong><\/h3>\n<p>Es crucial distinguir que este fallo corresponde a la\u00a0<strong>causa civil<\/strong>\u00a0iniciada para reparar el da\u00f1o econ\u00f3mico de las obras no terminadas. La decisi\u00f3n no afecta en absoluto a la\u00a0<strong>causa penal<\/strong>.<\/p>\n<p>En los tribunales de Comodoro Py, el proceso de ejecuci\u00f3n patrimonial correspondiente al\u00a0<strong>decomiso de bienes por $685.000 millones<\/strong>, fijado en la condena por administraci\u00f3n fraudulenta en perjuicio del Estado, contin\u00faa su tr\u00e1mite de forma independiente y se mantiene activo.<\/p>\n<\/div>\n<\/div>\n","protected":false},"excerpt":{"rendered":"<p>La Sala III de la C\u00e1mara Civil y Comercial Federal dej\u00f3 firme un fallo que beneficia a Cristina Kirchner, quien ya no deber\u00e1 pagar un resarcimiento de\u00a0$22.300 millones\u00a0que el Estado le reclamaba en una demanda civil por la causa Vialidad. Seg\u00fan inform\u00f3 el diario\u00a0Clar\u00edn, la decisi\u00f3n se tom\u00f3 por la inactividad procesal de la parte [&hellip;]<\/p>\n","protected":false},"author":3,"featured_media":114611,"comment_status":"open","ping_status":"open","sticky":false,"template":"","format":"standard","meta":{"footnotes":""},"categories":[7],"tags":[],"class_list":{"0":"post-116520","1":"post","2":"type-post","3":"status-publish","4":"format-standard","5":"has-post-thumbnail","7":"category-nac"},"_links":{"self":[{"href":"https:\/\/primicias2262.com\/noticias\/wp-json\/wp\/v2\/posts\/116520","targetHints":{"allow":["GET"]}}],"collection":[{"href":"https:\/\/primicias2262.com\/noticias\/wp-json\/wp\/v2\/posts"}],"about":[{"href":"https:\/\/primicias2262.com\/noticias\/wp-json\/wp\/v2\/types\/post"}],"author":[{"embeddable":true,"href":"https:\/\/primicias2262.com\/noticias\/wp-json\/wp\/v2\/users\/3"}],"replies":[{"embeddable":true,"href":"https:\/\/primicias2262.com\/noticias\/wp-json\/wp\/v2\/comments?post=116520"}],"version-history":[{"count":1,"href":"https:\/\/primicias2262.com\/noticias\/wp-json\/wp\/v2\/posts\/116520\/revisions"}],"predecessor-version":[{"id":116521,"href":"https:\/\/primicias2262.com\/noticias\/wp-json\/wp\/v2\/posts\/116520\/revisions\/116521"}],"wp:featuredmedia":[{"embeddable":true,"href":"https:\/\/primicias2262.com\/noticias\/wp-json\/wp\/v2\/media\/114611"}],"wp:attachment":[{"href":"https:\/\/primicias2262.com\/noticias\/wp-json\/wp\/v2\/media?parent=116520"}],"wp:term":[{"taxonomy":"category","embeddable":true,"href":"https:\/\/primicias2262.com\/noticias\/wp-json\/wp\/v2\/categories?post=116520"},{"taxonomy":"post_tag","embeddable":true,"href":"https:\/\/primicias2262.com\/noticias\/wp-json\/wp\/v2\/tags?post=116520"}],"curies":[{"name":"wp","href":"https:\/\/api.w.org\/{rel}","templated":true}]}}