{"id":116536,"date":"2025-09-26T17:55:29","date_gmt":"2025-09-26T17:55:29","guid":{"rendered":"https:\/\/primicias2262.com\/noticias\/?p=116536"},"modified":"2025-09-26T17:55:29","modified_gmt":"2025-09-26T17:55:29","slug":"despidieron-a-las-victimas-del-triple-crimen-en-florencio-varela","status":"publish","type":"post","link":"https:\/\/primicias2262.com\/noticias\/despidieron-a-las-victimas-del-triple-crimen-en-florencio-varela\/","title":{"rendered":"Despidieron a las v\u00edctimas del triple crimen en Florencio Varela"},"content":{"rendered":"<p>Sabrina, mam\u00e1 de Brenda Del Castillo, una de las v\u00edctimas del triple crimen en Florencio Varela, habl\u00f3 tras darle el \u00faltimo adi\u00f3s a su hija en el cementerio y manifest\u00f3 que todos los d\u00edas va a marchar\u00a0<i><strong>\u00abhasta que me traigan los verdaderos responsables y no perejiles\u00bb.<\/strong><\/i><\/p>\n<p>Junto con su sobrino Federico,\u00a0Sabrina expres\u00f3 con dolor que es<i><strong>\u00a0\u00abinjusto lo que le pas\u00f3 a Brenda\u00bb<\/strong><\/i>, pero que luchar\u00e1 todos los d\u00edas para tener justicia.<\/p>\n<p><i><strong>\u00abNo accionaron como corresponde, para eso pagamos los impuestos, pero despu\u00e9s est\u00e1 el gobernador Axel Kicillof en Nueva York paseando\u00bb<\/strong><\/i>, expuso.<\/p>\n<p>En este marco, a\u00f1adi\u00f3:\u00a0<i><strong>\u00abMi deber como mam\u00e1 era cuidar a mi hija, me hago responsable, pero no me puedo echar la culpa de todo\u00bb.<\/strong><\/i><\/p>\n<p>Por \u00faltimo, remarc\u00f3 que\u00a0<i><strong>\u00abla investigaci\u00f3n fue mala\u00bb\u00a0<\/strong><\/i>y que\u00a0<strong>\u00abes la Justicia la que les deba decir a ellos que pas\u00f3\u00bb.<\/strong><\/p>\n<p><i><strong>\u00abEs injusto lo que les toc\u00f3\u00bb,<\/strong><\/i>\u00a0concluy\u00f3.<\/p>\n<p>En tanto, la <strong>Comisi\u00f3n Nacional de Pastoral de Adicciones y Drogadependencia<\/strong>\u00a0sac\u00f3 un comunicado donde se explay\u00f3 respecto de los cr\u00edmenes de Brenda Del Castillo, Lara Guti\u00e9rrez y Morena Verdi en Florencio Varela, destacando que se necesita que la presencia del Estado, a trav\u00e9s de los \u00f3rganos de justicia y de seguridad, \u00absea inteligente y cooperadora\u00bb.<\/p>\n<p>\u00abComo Comisi\u00f3n Nacional de Pastoral de Adicciones y Drogadependencia del episcopado argentino, nos solidarizamos con las familias de Morena, Brenda y Lara por el brutal asesinato que han sufrido estas j\u00f3venes. Una vez m\u00e1s nos encontramos frente a un episodio tr\u00e1gico en nuestra sociedad, producto del avance del narcotr\u00e1fico, especialmente en los barrios m\u00e1s vulnerables de nuestro pa\u00eds\u00bb, inicia el escrito al que accedi\u00f3 la agencia Noticias Argentinas.<\/p>\n<p>El mismo contin\u00faa mencionando palabras del Papa Francisco que dirigi\u00f3 en la audiencia general del 26 de junio de 2024: \u201c\u00a1Cu\u00e1ntos traficantes de muerte hay \u2014porque los traficantes de drogas son traficantes de muerte\u2014, impulsados por la l\u00f3gica del poder y del dinero a toda costa! Y esta plaga, que produce violencia y siembra sufrimiento y muerte, exige un acto de valent\u00eda por parte de toda la sociedad\u201d.<\/p>\n<p>\u00abLa presencia de la Iglesia y de diversas instituciones en nuestros barrios \u2014donde se trabaja acompa\u00f1ando las vidas de tantos ni\u00f1os y j\u00f3venes junto a sus familias, para que no caigan en el brutal flagelo de la droga\u2014 es esencial para que la muerte y el dolor no se apropien de la vida de nuestros hermanos\u00bb, sumaron.<\/p>\n<p>Por \u00faltimo, enfatizaron que se necesita que la presencia del Estado, a trav\u00e9s de los \u00f3rganos de justicia y de seguridad, \u00absea inteligente y cooperadora, a fin de sostener a cada una de las instituciones que est\u00e1n presentes en los barrios, brindando respuestas efectivas, fuerza del consuelo y el abrazo de la fraternidad\u00bb<\/p>\n<p>El comunicado fue firmado el Cardenal Vicente Bokalic y monse\u00f1or Pedro Cannav\u00f3, referentes episcopales nacionales, sumado a los presb\u00edteros Cristian Viscardi y Leonardo Silio, coordinadores nacionales.<\/p>\n","protected":false},"excerpt":{"rendered":"<p>Sabrina, mam\u00e1 de Brenda Del Castillo, una de las v\u00edctimas del triple crimen en Florencio Varela, habl\u00f3 tras darle el \u00faltimo adi\u00f3s a su hija en el cementerio y manifest\u00f3 que todos los d\u00edas va a marchar\u00a0\u00abhasta que me traigan los verdaderos responsables y no perejiles\u00bb. Junto con su sobrino Federico,\u00a0Sabrina expres\u00f3 con dolor que [&hellip;]<\/p>\n","protected":false},"author":3,"featured_media":116537,"comment_status":"open","ping_status":"open","sticky":false,"template":"","format":"standard","meta":{"footnotes":""},"categories":[7],"tags":[],"class_list":{"0":"post-116536","1":"post","2":"type-post","3":"status-publish","4":"format-standard","5":"has-post-thumbnail","7":"category-nac"},"_links":{"self":[{"href":"https:\/\/primicias2262.com\/noticias\/wp-json\/wp\/v2\/posts\/116536","targetHints":{"allow":["GET"]}}],"collection":[{"href":"https:\/\/primicias2262.com\/noticias\/wp-json\/wp\/v2\/posts"}],"about":[{"href":"https:\/\/primicias2262.com\/noticias\/wp-json\/wp\/v2\/types\/post"}],"author":[{"embeddable":true,"href":"https:\/\/primicias2262.com\/noticias\/wp-json\/wp\/v2\/users\/3"}],"replies":[{"embeddable":true,"href":"https:\/\/primicias2262.com\/noticias\/wp-json\/wp\/v2\/comments?post=116536"}],"version-history":[{"count":1,"href":"https:\/\/primicias2262.com\/noticias\/wp-json\/wp\/v2\/posts\/116536\/revisions"}],"predecessor-version":[{"id":116538,"href":"https:\/\/primicias2262.com\/noticias\/wp-json\/wp\/v2\/posts\/116536\/revisions\/116538"}],"wp:featuredmedia":[{"embeddable":true,"href":"https:\/\/primicias2262.com\/noticias\/wp-json\/wp\/v2\/media\/116537"}],"wp:attachment":[{"href":"https:\/\/primicias2262.com\/noticias\/wp-json\/wp\/v2\/media?parent=116536"}],"wp:term":[{"taxonomy":"category","embeddable":true,"href":"https:\/\/primicias2262.com\/noticias\/wp-json\/wp\/v2\/categories?post=116536"},{"taxonomy":"post_tag","embeddable":true,"href":"https:\/\/primicias2262.com\/noticias\/wp-json\/wp\/v2\/tags?post=116536"}],"curies":[{"name":"wp","href":"https:\/\/api.w.org\/{rel}","templated":true}]}}