{"id":116542,"date":"2025-09-26T18:01:50","date_gmt":"2025-09-26T18:01:50","guid":{"rendered":"https:\/\/primicias2262.com\/noticias\/?p=116542"},"modified":"2025-09-26T18:01:50","modified_gmt":"2025-09-26T18:01:50","slug":"tras-el-apoyo-de-estados-unidos-el-gobierno-reflota-el-consejo-de-mayo","status":"publish","type":"post","link":"https:\/\/primicias2262.com\/noticias\/tras-el-apoyo-de-estados-unidos-el-gobierno-reflota-el-consejo-de-mayo\/","title":{"rendered":"Tras el apoyo de Estados Unidos, el Gobierno reflota el Consejo de Mayo"},"content":{"rendered":"<p>El pr\u00f3ximo lunes, el gobierno libertario reeditar\u00e1 el<strong>\u00a0Consejo de Mayo<\/strong>\u00a0que volver\u00e1 reunirse a las\u00a0<strong>10 en el Sal\u00f3n de los Escudos<\/strong>\u00a0de Casa Rosada bajo la coordinaci\u00f3n del jefe de Gabinete,\u00a0<strong>Guillermo Francos.\u00a0<\/strong><\/p>\n<p>Luego de haber cosechado el respaldo de Estados Unidos, el coordinador de ministros recibir\u00e1 a los representantes de cada actor social con la intenci\u00f3n de avanzar en los\u00a0<strong>10 puntos del Pacto de Mayo<\/strong>\u00a0firmando en Tucum\u00e1n.<\/p>\n<p>De esta forma, asistir\u00e1n a la convocatoria prevista para la ma\u00f1ana del<strong>\u00a0lunes 29 de septiembre\u00a0<\/strong>los seis consejeros que representan al Poder Ejecutivo, al Legislativo, las provincias firmantes, organizaciones sindicales y entidades empresariales.<\/p>\n<p>El ministro de Desregulaci\u00f3n y Transformaci\u00f3n del Estado,<strong>\u00a0Federico Sturzenegger,<\/strong>\u00a0asistir\u00e1 por parte del Poder Ejecutivo<strong>\u00a0<\/strong>mientras que el interlocutor de las provincias ser\u00e1 el gobernador de Mendoza,\u00a0<strong>Alfredo Cornejo.\u00a0<\/strong><\/p>\n<p>La cara del Senado ser\u00e1 la senadora<strong>\u00a0Carolina Losada\u00a0<\/strong>y la de Diputados el legislador del PRO\u00a0<strong>Cristian Ritondo.\u00a0<\/strong><\/p>\n<p>Por su parte, por las organizaciones sindicales de tercer grado asistir\u00e1 el secretario general de la UOCRA,<strong>\u00a0Gerardo Mart\u00ednez<\/strong>; y por las empresarias el presidente de la UIA,<strong>\u00a0Mart\u00edn Rappallini.<\/strong><\/p>\n<p>Se trata de la tercera reuni\u00f3n del organismo que trabaja en un informe final que aspira a presentar durante el mes de diciembre en el Congreso Nacional. En los primeros tres encuentros el temario gir\u00f3 en torno a la reforma laboral y a la educaci\u00f3n.<\/p>\n<p>Entre los \u00edtems acordados figuran adem\u00e1s la inviolabilidad de la propiedad privada; el equilibrio fiscal innegociable; la reducci\u00f3n del gasto p\u00fablico en torno al 25% del PBI; una reforma tributaria que reduzca la presi\u00f3n impositiva; y una previsional que le d\u00e9 sustentabilidad al sistema y respete a quienes aportaron.<\/p>\n<p>Adem\u00e1s, el Pacto de Mayo incluye la rediscusi\u00f3n de la coparticipaci\u00f3n federal de impuestos; el compromiso en las provincias de avanzar en la explotaci\u00f3n de los recursos naturales del pa\u00eds y la apertura al comercio internacional.<\/p>\n","protected":false},"excerpt":{"rendered":"<p>El pr\u00f3ximo lunes, el gobierno libertario reeditar\u00e1 el\u00a0Consejo de Mayo\u00a0que volver\u00e1 reunirse a las\u00a010 en el Sal\u00f3n de los Escudos\u00a0de Casa Rosada bajo la coordinaci\u00f3n del jefe de Gabinete,\u00a0Guillermo Francos.\u00a0 Luego de haber cosechado el respaldo de Estados Unidos, el coordinador de ministros recibir\u00e1 a los representantes de cada actor social con la intenci\u00f3n de [&hellip;]<\/p>\n","protected":false},"author":3,"featured_media":116543,"comment_status":"open","ping_status":"open","sticky":false,"template":"","format":"standard","meta":{"footnotes":""},"categories":[7],"tags":[],"class_list":{"0":"post-116542","1":"post","2":"type-post","3":"status-publish","4":"format-standard","5":"has-post-thumbnail","7":"category-nac"},"_links":{"self":[{"href":"https:\/\/primicias2262.com\/noticias\/wp-json\/wp\/v2\/posts\/116542","targetHints":{"allow":["GET"]}}],"collection":[{"href":"https:\/\/primicias2262.com\/noticias\/wp-json\/wp\/v2\/posts"}],"about":[{"href":"https:\/\/primicias2262.com\/noticias\/wp-json\/wp\/v2\/types\/post"}],"author":[{"embeddable":true,"href":"https:\/\/primicias2262.com\/noticias\/wp-json\/wp\/v2\/users\/3"}],"replies":[{"embeddable":true,"href":"https:\/\/primicias2262.com\/noticias\/wp-json\/wp\/v2\/comments?post=116542"}],"version-history":[{"count":1,"href":"https:\/\/primicias2262.com\/noticias\/wp-json\/wp\/v2\/posts\/116542\/revisions"}],"predecessor-version":[{"id":116544,"href":"https:\/\/primicias2262.com\/noticias\/wp-json\/wp\/v2\/posts\/116542\/revisions\/116544"}],"wp:featuredmedia":[{"embeddable":true,"href":"https:\/\/primicias2262.com\/noticias\/wp-json\/wp\/v2\/media\/116543"}],"wp:attachment":[{"href":"https:\/\/primicias2262.com\/noticias\/wp-json\/wp\/v2\/media?parent=116542"}],"wp:term":[{"taxonomy":"category","embeddable":true,"href":"https:\/\/primicias2262.com\/noticias\/wp-json\/wp\/v2\/categories?post=116542"},{"taxonomy":"post_tag","embeddable":true,"href":"https:\/\/primicias2262.com\/noticias\/wp-json\/wp\/v2\/tags?post=116542"}],"curies":[{"name":"wp","href":"https:\/\/api.w.org\/{rel}","templated":true}]}}