{"id":116545,"date":"2025-09-26T18:05:37","date_gmt":"2025-09-26T18:05:37","guid":{"rendered":"https:\/\/primicias2262.com\/noticias\/?p=116545"},"modified":"2025-09-26T18:05:37","modified_gmt":"2025-09-26T18:05:37","slug":"berni-el-problema-del-narcotrafico-es-que-argentina-perdio-todo-el-control-de-las-fronteras","status":"publish","type":"post","link":"https:\/\/primicias2262.com\/noticias\/berni-el-problema-del-narcotrafico-es-que-argentina-perdio-todo-el-control-de-las-fronteras\/","title":{"rendered":"Berni: \u00abEl problema del narcotr\u00e1fico es que Argentina perdi\u00f3 todo el control de las fronteras\u00bb"},"content":{"rendered":"<div class=\"article-body\" data-tadevel-template=\"web\/article-body\">\n<div class=\"article-body-content\">\n<p>El senador provincial y ex ministro de Seguridad bonaerense\u00a0<strong>Sergio Berni<\/strong>\u00a0se\u00f1al\u00f3 hoy que el problema que existe con el narcotr\u00e1fico es porque \u00abArgentina perdi\u00f3 todo el control de las fronteras\u00bb y dijo adem\u00e1s que<strong>\u00a0\u00abel asesinato horroroso\u00bb de Brenda Del Castillo, Morena Verdi y Lara Guti\u00e9rrez \u00abes la precarizaci\u00f3n de la droga\u00bb en el pa\u00eds.<\/strong><\/p>\n<p><strong>\u00abEl problema del narcotr\u00e1fico es que Argentina perdi\u00f3 todo el control de las fronteras\u00bb,\u00a0<\/strong>indic\u00f3 en di\u00e1logo con Radio Rivadavia, a la vez que a\u00f1adi\u00f3:\u00a0<i>\u00abEs un problema mundial, pero en Argentina se intensifica por el desastre del ingreso y su comercializaci\u00f3n. El problema de Argentina es que el territorito qued\u00f3 liberado a su propia suerte\u00bb.<\/i><\/p>\n<p><i>\u00abLo que se vio este fin de semana con el asesinato horroroso de las tres chicas es la precarizaci\u00f3n de la droga en Argentina. Hoy es tan f\u00e1cil entrar droga en Argentina que no se necesita una log\u00edstica superior, entonces dos personas se van a Per\u00fa o Colombia y la traen como si fuera un par de medias\u00bb<\/i>, asever\u00f3.<\/p>\n<p>Asimismo, Berni a\u00f1adi\u00f3: \u00ab<strong>A las chicas las mataron en Florencio Varela, pero la organizaci\u00f3n est\u00e1 en la Villa Zabaleta, donde est\u00e1 plagado de narcotraficantes<\/strong>. Preg\u00fantele a (Patricia) Bullrich a cu\u00e1ntos se llevaron presos.F\u00edjense con qu\u00e9 velocidad la Polic\u00eda bonaerense pudo encontrar los tres cuerpos de las chicas. Eso es capacidad investigativa\u00bb.<\/p>\n<p><i>\u00abSi el fiscal caratul\u00f3 la causa como femicidio sabr\u00e1 las razones. No coincido con las pruebas por asesinato por cuesti\u00f3n de g\u00e9nero con un homicidio narcoterrorista. Me parece un desv\u00edo total\u00bb,<\/i>\u00a0dijo y agreg\u00f3: \u00ab<strong>Por respeto a las familias y a la opini\u00f3n p\u00fablica no me animo a decir todo lo que pas\u00f3.\u00a0<\/strong>Lo que est\u00e1 comprobado es que se transmitieron las ejecuciones en vivo. No creo que exista el video porque se transmiti\u00f3 por una aplicaci\u00f3n encriptada, pero est\u00e1 certificado que se transmiti\u00f3 en vivo\u00bb.<\/p>\n<p>\u00ab<strong>El gran problema es la precarizaci\u00f3n del delito que nace porque es f\u00e1cil generar una organizaci\u00f3n narco en Argentina.<\/strong>\u00a0El delito de narcotr\u00e1fico est\u00e1 regido por una ley federal, por lo que la lucha contra el narcotr\u00e1fico est\u00e1 en manos del Gobierno nacional. \u00bfCu\u00e1ntas organizaciones narcocriminales se desbarataron en este \u00faltimo tiempo? Que me den nombres. Es una gran mentira\u00bb, expres\u00f3.<\/p>\n<p>Adem\u00e1s, manifest\u00f3:\u00a0<i>\u00abEn este Gobierno pasan dos cosas: un total descontrol de las fronteras, una destrucci\u00f3n del tejido social producto de la degradaci\u00f3n social por la crisis econ\u00f3mica, sino que adem\u00e1s hay un Presidente (Javier Milei) que dijo que vino a destruir el Estado, una organizaci\u00f3n pol\u00edtica y social con la funci\u00f3n de mantener el orden\u00bb.<\/i><\/p>\n<p>\u00ab<strong>La organizaci\u00f3n delictiva que le rob\u00f3 la casa a Pampita por chilenos, ingresaron a Argentina de manera ilegal y pasaron por un paso habilitado legalmente.<\/strong>\u00a0Si una organizaci\u00f3n criminal pasa por un paso legal sin ninguna dificultad, imag\u00ednese el ingreso de drogas. La frontera fue siempre vulnerable\u00bb, indic\u00f3.<\/p>\n<p>En tanto, expres\u00f3:\u00a0<i>\u00abQuiero un debate cara a cara con Patricia Bullrich para debatir la seguridad. La discusi\u00f3n no es una opci\u00f3n, es una obligaci\u00f3n\u00bb.<\/i><\/p>\n<\/div>\n<\/div>\n","protected":false},"excerpt":{"rendered":"<p>El senador provincial y ex ministro de Seguridad bonaerense\u00a0Sergio Berni\u00a0se\u00f1al\u00f3 hoy que el problema que existe con el narcotr\u00e1fico es porque \u00abArgentina perdi\u00f3 todo el control de las fronteras\u00bb y dijo adem\u00e1s que\u00a0\u00abel asesinato horroroso\u00bb de Brenda Del Castillo, Morena Verdi y Lara Guti\u00e9rrez \u00abes la precarizaci\u00f3n de la droga\u00bb en el pa\u00eds. \u00abEl problema [&hellip;]<\/p>\n","protected":false},"author":3,"featured_media":116546,"comment_status":"open","ping_status":"open","sticky":false,"template":"","format":"standard","meta":{"footnotes":""},"categories":[7],"tags":[],"class_list":{"0":"post-116545","1":"post","2":"type-post","3":"status-publish","4":"format-standard","5":"has-post-thumbnail","7":"category-nac"},"_links":{"self":[{"href":"https:\/\/primicias2262.com\/noticias\/wp-json\/wp\/v2\/posts\/116545","targetHints":{"allow":["GET"]}}],"collection":[{"href":"https:\/\/primicias2262.com\/noticias\/wp-json\/wp\/v2\/posts"}],"about":[{"href":"https:\/\/primicias2262.com\/noticias\/wp-json\/wp\/v2\/types\/post"}],"author":[{"embeddable":true,"href":"https:\/\/primicias2262.com\/noticias\/wp-json\/wp\/v2\/users\/3"}],"replies":[{"embeddable":true,"href":"https:\/\/primicias2262.com\/noticias\/wp-json\/wp\/v2\/comments?post=116545"}],"version-history":[{"count":1,"href":"https:\/\/primicias2262.com\/noticias\/wp-json\/wp\/v2\/posts\/116545\/revisions"}],"predecessor-version":[{"id":116547,"href":"https:\/\/primicias2262.com\/noticias\/wp-json\/wp\/v2\/posts\/116545\/revisions\/116547"}],"wp:featuredmedia":[{"embeddable":true,"href":"https:\/\/primicias2262.com\/noticias\/wp-json\/wp\/v2\/media\/116546"}],"wp:attachment":[{"href":"https:\/\/primicias2262.com\/noticias\/wp-json\/wp\/v2\/media?parent=116545"}],"wp:term":[{"taxonomy":"category","embeddable":true,"href":"https:\/\/primicias2262.com\/noticias\/wp-json\/wp\/v2\/categories?post=116545"},{"taxonomy":"post_tag","embeddable":true,"href":"https:\/\/primicias2262.com\/noticias\/wp-json\/wp\/v2\/tags?post=116545"}],"curies":[{"name":"wp","href":"https:\/\/api.w.org\/{rel}","templated":true}]}}