{"id":116566,"date":"2025-09-29T19:20:48","date_gmt":"2025-09-29T19:20:48","guid":{"rendered":"https:\/\/primicias2262.com\/noticias\/?p=116566"},"modified":"2025-09-29T19:20:48","modified_gmt":"2025-09-29T19:20:48","slug":"triple-crimen-detuvieron-a-la-sobrina-de-victor-sotacuro","status":"publish","type":"post","link":"https:\/\/primicias2262.com\/noticias\/triple-crimen-detuvieron-a-la-sobrina-de-victor-sotacuro\/","title":{"rendered":"Triple crimen: detuvieron a la sobrina de V\u00edctor Sotacuro"},"content":{"rendered":"<p><strong>Florencia<\/strong>, la sobrina de<strong>\u00a0L\u00e1zaro V\u00edctor Sotacuro<\/strong>, el hombre de nacionalidad boliviana acusado de manejar la camioneta blanca en la que llevaron a Morena Verdi (20), Brenda Del Castillo (20) y Lara Guti\u00e9rrez (15) desde La Matanza hasta Florencio Varela,\u00a0<strong>fue detenida.<\/strong><\/p>\n<p>La mujer estaba en el supuesto auto de apoyo junto a su t\u00edo, de acuerdo a las im\u00e1genes de las c\u00e1maras de seguridad.<\/p>\n","protected":false},"excerpt":{"rendered":"<p>Florencia, la sobrina de\u00a0L\u00e1zaro V\u00edctor Sotacuro, el hombre de nacionalidad boliviana acusado de manejar la camioneta blanca en la que llevaron a Morena Verdi (20), Brenda Del Castillo (20) y Lara Guti\u00e9rrez (15) desde La Matanza hasta Florencio Varela,\u00a0fue detenida. La mujer estaba en el supuesto auto de apoyo junto a su t\u00edo, de acuerdo [&hellip;]<\/p>\n","protected":false},"author":3,"featured_media":116567,"comment_status":"open","ping_status":"open","sticky":false,"template":"","format":"standard","meta":{"footnotes":""},"categories":[7],"tags":[],"class_list":{"0":"post-116566","1":"post","2":"type-post","3":"status-publish","4":"format-standard","5":"has-post-thumbnail","7":"category-nac"},"_links":{"self":[{"href":"https:\/\/primicias2262.com\/noticias\/wp-json\/wp\/v2\/posts\/116566","targetHints":{"allow":["GET"]}}],"collection":[{"href":"https:\/\/primicias2262.com\/noticias\/wp-json\/wp\/v2\/posts"}],"about":[{"href":"https:\/\/primicias2262.com\/noticias\/wp-json\/wp\/v2\/types\/post"}],"author":[{"embeddable":true,"href":"https:\/\/primicias2262.com\/noticias\/wp-json\/wp\/v2\/users\/3"}],"replies":[{"embeddable":true,"href":"https:\/\/primicias2262.com\/noticias\/wp-json\/wp\/v2\/comments?post=116566"}],"version-history":[{"count":1,"href":"https:\/\/primicias2262.com\/noticias\/wp-json\/wp\/v2\/posts\/116566\/revisions"}],"predecessor-version":[{"id":116568,"href":"https:\/\/primicias2262.com\/noticias\/wp-json\/wp\/v2\/posts\/116566\/revisions\/116568"}],"wp:featuredmedia":[{"embeddable":true,"href":"https:\/\/primicias2262.com\/noticias\/wp-json\/wp\/v2\/media\/116567"}],"wp:attachment":[{"href":"https:\/\/primicias2262.com\/noticias\/wp-json\/wp\/v2\/media?parent=116566"}],"wp:term":[{"taxonomy":"category","embeddable":true,"href":"https:\/\/primicias2262.com\/noticias\/wp-json\/wp\/v2\/categories?post=116566"},{"taxonomy":"post_tag","embeddable":true,"href":"https:\/\/primicias2262.com\/noticias\/wp-json\/wp\/v2\/tags?post=116566"}],"curies":[{"name":"wp","href":"https:\/\/api.w.org\/{rel}","templated":true}]}}