{"id":116569,"date":"2025-09-29T19:23:20","date_gmt":"2025-09-29T19:23:20","guid":{"rendered":"https:\/\/primicias2262.com\/noticias\/?p=116569"},"modified":"2025-09-29T19:23:20","modified_gmt":"2025-09-29T19:23:20","slug":"alerta-roja-para-milei-se-desploma-su-imagen-y-una-figura-impensada-del-peronismo-se-dispara-en-las-encuestas","status":"publish","type":"post","link":"https:\/\/primicias2262.com\/noticias\/alerta-roja-para-milei-se-desploma-su-imagen-y-una-figura-impensada-del-peronismo-se-dispara-en-las-encuestas\/","title":{"rendered":"Alerta roja para Milei: se desploma su imagen y una figura impensada del peronismo se dispara en las encuestas"},"content":{"rendered":"<p>Una encuesta nacional de\u00a0<strong>RDT Consultores<\/strong>, una firma que hasta antes de las elecciones de 2023 se mostraba optimista respecto a Javier Milei, encendi\u00f3 las alarmas en el Gobierno. El \u00faltimo estudio refleja que la\u00a0<strong>desaprobaci\u00f3n de la gesti\u00f3n presidencial alcanz\u00f3 el 51,5%<\/strong>, mientras que la aprobaci\u00f3n retrocedi\u00f3 al 34%. El desplome se da en un contexto de recesi\u00f3n econ\u00f3mica que golpea directamente el bolsillo de los argentinos.<\/p>\n<p>El informe, realizado entre el 10 y el 15 de septiembre, muestra una ca\u00edda de m\u00e1s de 6 puntos en la imagen positiva del Presidente y de 4,6 puntos en la aprobaci\u00f3n de su gesti\u00f3n. La imagen de su hermana y secretaria General de la Presidencia,\u00a0<strong>Karina Milei, tambi\u00e9n registra un \u00abmarcado desplome\u00bb<\/strong>.<\/p>\n<p>La principal causa del retroceso del oficialismo es la\u00a0<strong>recesi\u00f3n econ\u00f3mica<\/strong>.\u00a0<strong>Seg\u00fan supo Noticias Argentinas<\/strong>, el estudio confirma que la p\u00e9rdida de poder adquisitivo y el empleo son las inquietudes centrales de la sociedad. La baja de la inflaci\u00f3n, que fue un pilar del discurso oficial, \u00abdej\u00f3 de ser un valor diferencial\u00bb, ya que la preocupaci\u00f3n ahora se centra en el estancamiento y la ca\u00edda de los ingresos reales.<\/p>\n<p>En este escenario, la encuesta muestra un dato sorprendente en la vereda opuesta: la imagen del gobernador bonaerense,\u00a0<strong>Axel Kicillof, exhibe una mejora de 8,6 puntos<\/strong>, un crecimiento que lo posiciona incluso por encima de la expresidenta Cristina Kirchner.<\/p>\n","protected":false},"excerpt":{"rendered":"<p>Una encuesta nacional de\u00a0RDT Consultores, una firma que hasta antes de las elecciones de 2023 se mostraba optimista respecto a Javier Milei, encendi\u00f3 las alarmas en el Gobierno. El \u00faltimo estudio refleja que la\u00a0desaprobaci\u00f3n de la gesti\u00f3n presidencial alcanz\u00f3 el 51,5%, mientras que la aprobaci\u00f3n retrocedi\u00f3 al 34%. El desplome se da en un contexto [&hellip;]<\/p>\n","protected":false},"author":3,"featured_media":109853,"comment_status":"open","ping_status":"open","sticky":false,"template":"","format":"standard","meta":{"footnotes":""},"categories":[7],"tags":[],"class_list":{"0":"post-116569","1":"post","2":"type-post","3":"status-publish","4":"format-standard","5":"has-post-thumbnail","7":"category-nac"},"_links":{"self":[{"href":"https:\/\/primicias2262.com\/noticias\/wp-json\/wp\/v2\/posts\/116569","targetHints":{"allow":["GET"]}}],"collection":[{"href":"https:\/\/primicias2262.com\/noticias\/wp-json\/wp\/v2\/posts"}],"about":[{"href":"https:\/\/primicias2262.com\/noticias\/wp-json\/wp\/v2\/types\/post"}],"author":[{"embeddable":true,"href":"https:\/\/primicias2262.com\/noticias\/wp-json\/wp\/v2\/users\/3"}],"replies":[{"embeddable":true,"href":"https:\/\/primicias2262.com\/noticias\/wp-json\/wp\/v2\/comments?post=116569"}],"version-history":[{"count":1,"href":"https:\/\/primicias2262.com\/noticias\/wp-json\/wp\/v2\/posts\/116569\/revisions"}],"predecessor-version":[{"id":116570,"href":"https:\/\/primicias2262.com\/noticias\/wp-json\/wp\/v2\/posts\/116569\/revisions\/116570"}],"wp:featuredmedia":[{"embeddable":true,"href":"https:\/\/primicias2262.com\/noticias\/wp-json\/wp\/v2\/media\/109853"}],"wp:attachment":[{"href":"https:\/\/primicias2262.com\/noticias\/wp-json\/wp\/v2\/media?parent=116569"}],"wp:term":[{"taxonomy":"category","embeddable":true,"href":"https:\/\/primicias2262.com\/noticias\/wp-json\/wp\/v2\/categories?post=116569"},{"taxonomy":"post_tag","embeddable":true,"href":"https:\/\/primicias2262.com\/noticias\/wp-json\/wp\/v2\/tags?post=116569"}],"curies":[{"name":"wp","href":"https:\/\/api.w.org\/{rel}","templated":true}]}}