{"id":116571,"date":"2025-09-29T19:26:42","date_gmt":"2025-09-29T19:26:42","guid":{"rendered":"https:\/\/primicias2262.com\/noticias\/?p=116571"},"modified":"2025-09-29T19:26:42","modified_gmt":"2025-09-29T19:26:42","slug":"gracias-fred-machado-el-video-en-que-espert-agradece-al-detenido-por-narcotrafico-que-le-aporto-us200-000","status":"publish","type":"post","link":"https:\/\/primicias2262.com\/noticias\/gracias-fred-machado-el-video-en-que-espert-agradece-al-detenido-por-narcotrafico-que-le-aporto-us200-000\/","title":{"rendered":"\u201cGracias, Fred Machado\u201d: el video en que Espert agradece al detenido por narcotr\u00e1fico que le aport\u00f3 US$200.000"},"content":{"rendered":"<p>Un informe judicial de Estados Unidos revel\u00f3 un v\u00ednculo financiero directo entre el diputado de La Libertad Avanza,\u00a0<strong>Jos\u00e9 Luis Espert<\/strong>, y el empresario\u00a0<strong>Alfredo \u00abFred\u00bb Machado<\/strong>, actualmente detenido en R\u00edo Negro y con pedido de extradici\u00f3n por narcotr\u00e1fico y fraude. Seg\u00fan peritos contables del Estado de Texas, Espert recibi\u00f3 una transferencia de\u00a0<strong>200.000 d\u00f3lares<\/strong>\u00a0el 1 de febrero de 2020, proveniente de un fideicomiso de Machado.<\/p>\n<p>Al ser consultado por el tema en TN, Espert desestim\u00f3 la acusaci\u00f3n, la calific\u00f3 como una \u00abcampa\u00f1a sucia\u00bb del kirchnerismo y asegur\u00f3 que desconoc\u00eda las actividades il\u00edcitas del empresario cuando acept\u00f3 su colaboraci\u00f3n.<\/p>\n<p>La investigaci\u00f3n, que surge del expediente judicial contra Machado en Estados Unidos, detalla que la transferencia de los 200.000 d\u00f3lares a Espert qued\u00f3 registrada en la contabilidad del fideicomiso que el empresario compart\u00eda con su socia Debora Lynn Mercer-Erwin, ya condenada a 16 a\u00f1os de prisi\u00f3n por narcotr\u00e1fico.<\/p>\n<p>Adem\u00e1s del aporte monetario, se revel\u00f3 que Machado financi\u00f3 parte de la campa\u00f1a de Espert en 2021, proveyendo un\u00a0<strong>avi\u00f3n privado<\/strong>\u00a0para sus traslados y una camioneta\u00a0<strong>Grand Cherokee<\/strong>. El inicio de la relaci\u00f3n data de 2019, cuando Espert present\u00f3 su libro \u00abLa Sociedad C\u00f3mplice\u00bb en Viedma, un evento en el que agradeci\u00f3 p\u00fablicamente el apoyo de Machado.<\/p>\n<h3><strong>La defensa de Espert: \u00abSi hubiera sabido no le agradec\u00eda a los cuatro vientos\u00bb<\/strong><\/h3>\n<p>Frente a la contundencia de los datos, Jos\u00e9 Luis Espert se defendi\u00f3 argumentando que se trata de una operaci\u00f3n pol\u00edtica. \u00abEsta campa\u00f1a sucia viene de 2021. Desde que yo estuve peleando por la diputaci\u00f3n arranc\u00f3 y no se renuevan, siempre envuelven con lo mismo\u00bb, declar\u00f3 el economista.<\/p>\n","protected":false},"excerpt":{"rendered":"<p>Un informe judicial de Estados Unidos revel\u00f3 un v\u00ednculo financiero directo entre el diputado de La Libertad Avanza,\u00a0Jos\u00e9 Luis Espert, y el empresario\u00a0Alfredo \u00abFred\u00bb Machado, actualmente detenido en R\u00edo Negro y con pedido de extradici\u00f3n por narcotr\u00e1fico y fraude. Seg\u00fan peritos contables del Estado de Texas, Espert recibi\u00f3 una transferencia de\u00a0200.000 d\u00f3lares\u00a0el 1 de febrero [&hellip;]<\/p>\n","protected":false},"author":3,"featured_media":116572,"comment_status":"open","ping_status":"open","sticky":false,"template":"","format":"standard","meta":{"footnotes":""},"categories":[7],"tags":[],"class_list":{"0":"post-116571","1":"post","2":"type-post","3":"status-publish","4":"format-standard","5":"has-post-thumbnail","7":"category-nac"},"_links":{"self":[{"href":"https:\/\/primicias2262.com\/noticias\/wp-json\/wp\/v2\/posts\/116571","targetHints":{"allow":["GET"]}}],"collection":[{"href":"https:\/\/primicias2262.com\/noticias\/wp-json\/wp\/v2\/posts"}],"about":[{"href":"https:\/\/primicias2262.com\/noticias\/wp-json\/wp\/v2\/types\/post"}],"author":[{"embeddable":true,"href":"https:\/\/primicias2262.com\/noticias\/wp-json\/wp\/v2\/users\/3"}],"replies":[{"embeddable":true,"href":"https:\/\/primicias2262.com\/noticias\/wp-json\/wp\/v2\/comments?post=116571"}],"version-history":[{"count":1,"href":"https:\/\/primicias2262.com\/noticias\/wp-json\/wp\/v2\/posts\/116571\/revisions"}],"predecessor-version":[{"id":116573,"href":"https:\/\/primicias2262.com\/noticias\/wp-json\/wp\/v2\/posts\/116571\/revisions\/116573"}],"wp:featuredmedia":[{"embeddable":true,"href":"https:\/\/primicias2262.com\/noticias\/wp-json\/wp\/v2\/media\/116572"}],"wp:attachment":[{"href":"https:\/\/primicias2262.com\/noticias\/wp-json\/wp\/v2\/media?parent=116571"}],"wp:term":[{"taxonomy":"category","embeddable":true,"href":"https:\/\/primicias2262.com\/noticias\/wp-json\/wp\/v2\/categories?post=116571"},{"taxonomy":"post_tag","embeddable":true,"href":"https:\/\/primicias2262.com\/noticias\/wp-json\/wp\/v2\/tags?post=116571"}],"curies":[{"name":"wp","href":"https:\/\/api.w.org\/{rel}","templated":true}]}}