{"id":116593,"date":"2025-09-30T20:56:56","date_gmt":"2025-09-30T20:56:56","guid":{"rendered":"https:\/\/primicias2262.com\/noticias\/?p=116593"},"modified":"2025-09-30T20:56:56","modified_gmt":"2025-09-30T20:56:56","slug":"macri-confirmo-reunion-con-milei-en-olivos-y-revelo-que-hablaron-la-verdad-de-lo-que-pienso-del-pais","status":"publish","type":"post","link":"https:\/\/primicias2262.com\/noticias\/macri-confirmo-reunion-con-milei-en-olivos-y-revelo-que-hablaron-la-verdad-de-lo-que-pienso-del-pais\/","title":{"rendered":"Macri confirm\u00f3 reuni\u00f3n con Milei en Olivos y revel\u00f3 qu\u00e9 hablaron: \u201cLa verdad de lo que pienso del pa\u00eds\u201d"},"content":{"rendered":"<p>El expresidente\u00a0<strong>Mauricio Macri<\/strong>\u00a0confirm\u00f3 este martes a trav\u00e9s de sus redes sociales que mantuvo una \u00ablarga reuni\u00f3n\u00bb con el presidente\u00a0<strong>Javier Milei<\/strong>\u00a0y el jefe de Gabinete,\u00a0<strong>Guillermo Francos<\/strong>, el pasado domingo en la Quinta de Olivos. En una publicaci\u00f3n en su cuenta de X, Macri celebr\u00f3 el reinicio de las conversaciones y detall\u00f3 el tono del encuentro.<\/p>\n<p>\u00abEl domingo tuvimos una larga reuni\u00f3n con el presidente Milei y Guillermo Francos en la Quinta de Olivos.\u00a0<strong>Es bueno haber retomado el di\u00e1logo despu\u00e9s de m\u00e1s un a\u00f1o<\/strong>\u00ab, escribi\u00f3 el exmandatario.<\/p>\n<p>En su posteo, el fundador del PRO revel\u00f3 cu\u00e1l fue el eje de la conversaci\u00f3n y el esp\u00edritu con el que se acerc\u00f3 al encuentro. Seg\u00fan sus palabras, la reuni\u00f3n tuvo \u00absiempre la misma vocaci\u00f3n:\u00a0<strong>decirle la verdad al presidente sobre lo que pienso de la situaci\u00f3n del pa\u00eds<\/strong>\u00a0y encontrar las oportunidades para trabajar para que la Argentina salga adelante\u00bb.<\/p>\n<p>El mensaje de Macri pone fin a las especulaciones y oficializa el restablecimiento de un v\u00ednculo que se hab\u00eda mantenido en silencio durante m\u00e1s de un a\u00f1o, marcando un punto de inflexi\u00f3n en la relaci\u00f3n entre los dos l\u00edderes.<\/p>\n<p>La versi\u00f3n de Macri fue ratificada por el propio Javier Milei, quien en una entrevista con Antonio Laje en A24, cont\u00f3 c\u00f3mo se gest\u00f3 el acercamiento. \u00abLe escrib\u00ed a Mauricio Macri y le di las gracias por las declaraciones generosas que tuvo en las \u00faltimas semanas\u00bb, explic\u00f3 el Presidente.<\/p>\n<p><strong>\u00abA partir de ah\u00ed retomamos el di\u00e1logo y estamos trabajando en recomponerlo. La verdad es que nos llevamos muy bien, por m\u00e1s que en un a\u00f1o no hablamos\u00bb<\/strong>, sentenci\u00f3 Milei, confirmando la buena sinton\u00eda del encuentro del fin de semana.<\/p>\n","protected":false},"excerpt":{"rendered":"<p>El expresidente\u00a0Mauricio Macri\u00a0confirm\u00f3 este martes a trav\u00e9s de sus redes sociales que mantuvo una \u00ablarga reuni\u00f3n\u00bb con el presidente\u00a0Javier Milei\u00a0y el jefe de Gabinete,\u00a0Guillermo Francos, el pasado domingo en la Quinta de Olivos. En una publicaci\u00f3n en su cuenta de X, Macri celebr\u00f3 el reinicio de las conversaciones y detall\u00f3 el tono del encuentro. \u00abEl [&hellip;]<\/p>\n","protected":false},"author":3,"featured_media":116594,"comment_status":"open","ping_status":"open","sticky":false,"template":"","format":"standard","meta":{"footnotes":""},"categories":[7],"tags":[],"class_list":{"0":"post-116593","1":"post","2":"type-post","3":"status-publish","4":"format-standard","5":"has-post-thumbnail","7":"category-nac"},"_links":{"self":[{"href":"https:\/\/primicias2262.com\/noticias\/wp-json\/wp\/v2\/posts\/116593","targetHints":{"allow":["GET"]}}],"collection":[{"href":"https:\/\/primicias2262.com\/noticias\/wp-json\/wp\/v2\/posts"}],"about":[{"href":"https:\/\/primicias2262.com\/noticias\/wp-json\/wp\/v2\/types\/post"}],"author":[{"embeddable":true,"href":"https:\/\/primicias2262.com\/noticias\/wp-json\/wp\/v2\/users\/3"}],"replies":[{"embeddable":true,"href":"https:\/\/primicias2262.com\/noticias\/wp-json\/wp\/v2\/comments?post=116593"}],"version-history":[{"count":1,"href":"https:\/\/primicias2262.com\/noticias\/wp-json\/wp\/v2\/posts\/116593\/revisions"}],"predecessor-version":[{"id":116595,"href":"https:\/\/primicias2262.com\/noticias\/wp-json\/wp\/v2\/posts\/116593\/revisions\/116595"}],"wp:featuredmedia":[{"embeddable":true,"href":"https:\/\/primicias2262.com\/noticias\/wp-json\/wp\/v2\/media\/116594"}],"wp:attachment":[{"href":"https:\/\/primicias2262.com\/noticias\/wp-json\/wp\/v2\/media?parent=116593"}],"wp:term":[{"taxonomy":"category","embeddable":true,"href":"https:\/\/primicias2262.com\/noticias\/wp-json\/wp\/v2\/categories?post=116593"},{"taxonomy":"post_tag","embeddable":true,"href":"https:\/\/primicias2262.com\/noticias\/wp-json\/wp\/v2\/tags?post=116593"}],"curies":[{"name":"wp","href":"https:\/\/api.w.org\/{rel}","templated":true}]}}