{"id":116616,"date":"2025-10-01T19:48:49","date_gmt":"2025-10-01T19:48:49","guid":{"rendered":"https:\/\/primicias2262.com\/noticias\/?p=116616"},"modified":"2025-10-01T19:48:49","modified_gmt":"2025-10-01T19:48:49","slug":"incidentes-en-el-congreso-y-una-persona-demorada-durante-una-nueva-marcha-de-jubilados","status":"publish","type":"post","link":"https:\/\/primicias2262.com\/noticias\/incidentes-en-el-congreso-y-una-persona-demorada-durante-una-nueva-marcha-de-jubilados\/","title":{"rendered":"Incidentes en el Congreso y una persona demorada durante una nueva marcha de jubilados"},"content":{"rendered":"<p>Una serie de incidentes con empujones y corridas se registraron este mi\u00e9rcoles en las inmediaciones del Congreso durante una\u00a0nueva marcha de jubilados, en una protesta que<strong>\u00a0fue reprimida con gas lacrim\u00f3geno por parte de los efectivos de seguridad<\/strong>.<\/p>\n<p>Organizaciones de jubilados, acompa\u00f1ados por centrales sobreras volvieron movilizarse hoy en la Plaza Congreso Congreso en rechazo al ajuste del Gobierno de\u00a0<strong>Javier Milei\u00a0<\/strong>y contra el veto presidencial a la ley que establec\u00eda aumentos para el sector previsional.<\/p>\n<p>Como parte de la represi\u00f3n los efectivos de la Polic\u00eda Federal demoraron a un hombre, de nombre V\u00edctor, que desde su detenci\u00f3n en un veh\u00edculo policial se\u00f1al\u00f3 en declaraciones a los medios presentes que los gendarmes lo \u201cgolpearon en la espalda\u201d y lo detuvieron sin mediar explicaciones.<\/p>\n","protected":false},"excerpt":{"rendered":"<p>Una serie de incidentes con empujones y corridas se registraron este mi\u00e9rcoles en las inmediaciones del Congreso durante una\u00a0nueva marcha de jubilados, en una protesta que\u00a0fue reprimida con gas lacrim\u00f3geno por parte de los efectivos de seguridad. Organizaciones de jubilados, acompa\u00f1ados por centrales sobreras volvieron movilizarse hoy en la Plaza Congreso Congreso en rechazo al [&hellip;]<\/p>\n","protected":false},"author":3,"featured_media":116617,"comment_status":"open","ping_status":"open","sticky":false,"template":"","format":"standard","meta":{"footnotes":""},"categories":[7],"tags":[],"class_list":{"0":"post-116616","1":"post","2":"type-post","3":"status-publish","4":"format-standard","5":"has-post-thumbnail","7":"category-nac"},"_links":{"self":[{"href":"https:\/\/primicias2262.com\/noticias\/wp-json\/wp\/v2\/posts\/116616","targetHints":{"allow":["GET"]}}],"collection":[{"href":"https:\/\/primicias2262.com\/noticias\/wp-json\/wp\/v2\/posts"}],"about":[{"href":"https:\/\/primicias2262.com\/noticias\/wp-json\/wp\/v2\/types\/post"}],"author":[{"embeddable":true,"href":"https:\/\/primicias2262.com\/noticias\/wp-json\/wp\/v2\/users\/3"}],"replies":[{"embeddable":true,"href":"https:\/\/primicias2262.com\/noticias\/wp-json\/wp\/v2\/comments?post=116616"}],"version-history":[{"count":1,"href":"https:\/\/primicias2262.com\/noticias\/wp-json\/wp\/v2\/posts\/116616\/revisions"}],"predecessor-version":[{"id":116618,"href":"https:\/\/primicias2262.com\/noticias\/wp-json\/wp\/v2\/posts\/116616\/revisions\/116618"}],"wp:featuredmedia":[{"embeddable":true,"href":"https:\/\/primicias2262.com\/noticias\/wp-json\/wp\/v2\/media\/116617"}],"wp:attachment":[{"href":"https:\/\/primicias2262.com\/noticias\/wp-json\/wp\/v2\/media?parent=116616"}],"wp:term":[{"taxonomy":"category","embeddable":true,"href":"https:\/\/primicias2262.com\/noticias\/wp-json\/wp\/v2\/categories?post=116616"},{"taxonomy":"post_tag","embeddable":true,"href":"https:\/\/primicias2262.com\/noticias\/wp-json\/wp\/v2\/tags?post=116616"}],"curies":[{"name":"wp","href":"https:\/\/api.w.org\/{rel}","templated":true}]}}