{"id":116619,"date":"2025-10-01T19:51:15","date_gmt":"2025-10-01T19:51:15","guid":{"rendered":"https:\/\/primicias2262.com\/noticias\/?p=116619"},"modified":"2025-10-01T19:51:15","modified_gmt":"2025-10-01T19:51:15","slug":"crimenes-de-brenda-lara-y-morena-por-que-se-retrasa-la-llegada-de-pequeno-j-a-la-argentina","status":"publish","type":"post","link":"https:\/\/primicias2262.com\/noticias\/crimenes-de-brenda-lara-y-morena-por-que-se-retrasa-la-llegada-de-pequeno-j-a-la-argentina\/","title":{"rendered":"Cr\u00edmenes de Brenda, Lara y Morena: por qu\u00e9 se retrasa la llegada de \u201cPeque\u00f1o J\u00bb a la Argentina"},"content":{"rendered":"<p><strong>Mat\u00edas Ozorio y Tony Janzen Valverde Victoriano (Peque\u00f1o J), los dos capturados en Per\u00fa y se\u00f1alados en el caso por el triple crimen narco en Florencio Varela, vendr\u00e1n a la Argentina para ser juzgados, pero en diferentes fechas debido a su situaci\u00f3n en Per\u00fa.<\/strong><\/p>\n<p>Ozorio fue el primero de los detenidos en Lima el martes por la ma\u00f1ana, aunque las autoridades no dieron a conocer la noticia hasta horas m\u00e1s tarde debido a que segu\u00edan los pasos de \u00abPeque\u00f1o J\u00bb, con quien Ozorio se iba a reunir en la plaza Parque Lima, en la ciudad Los Olivos Metro Izaguirre.<\/p>\n<p><strong>Ambos llegaron a Per\u00fa la semana pasada tras ingresar de manera ilegal. Fueron d\u00edas donde los dos se refugiaron y ocultaron, pero la intervenci\u00f3n del celular de Valverde Victoriano fue la clave para conocer la ruta de su recorrido.<\/strong><\/p>\n<p>Pese a que los dos fueron capturados el mismo d\u00eda y en Lima,\u00a0<strong>la llegada de \u201cPeque\u00f1o J\u201d a la Argentina podr\u00eda tardar desde semanas hasta meses.\u00a0<\/strong>Esto se debe a que<strong>\u00a0Valverde Victoriano tiene que se extraditado, mientras que Ozorio solo debe ser expulsado de Per\u00fa, tr\u00e1mite que tardar\u00eda cerca de 48 horas.<\/strong><\/p>\n<p><strong>Las dos gestiones ya fueron solicitadas por las autoridades nacionales<\/strong>, sobre todo la de Peque\u00f1o J que, a sabiendas de la tardanza, se hab\u00eda pedido antes de su captura el inicio de la extradici\u00f3n.<\/p>\n<p>Ahora, solo resta saber si\u00a0<strong>desde Per\u00fa agilizar\u00e1n el expediente<\/strong>\u00a0para que la llegada del acusado de ser el id\u00f3neo y autor de los asesinatos de Brenda Del Castillo, Morena Verdi y Lara Guti\u00e9rrez, ocurra lo antes posible.<\/p>\n","protected":false},"excerpt":{"rendered":"<p>Mat\u00edas Ozorio y Tony Janzen Valverde Victoriano (Peque\u00f1o J), los dos capturados en Per\u00fa y se\u00f1alados en el caso por el triple crimen narco en Florencio Varela, vendr\u00e1n a la Argentina para ser juzgados, pero en diferentes fechas debido a su situaci\u00f3n en Per\u00fa. Ozorio fue el primero de los detenidos en Lima el martes [&hellip;]<\/p>\n","protected":false},"author":3,"featured_media":116620,"comment_status":"open","ping_status":"open","sticky":false,"template":"","format":"standard","meta":{"footnotes":""},"categories":[7],"tags":[],"class_list":{"0":"post-116619","1":"post","2":"type-post","3":"status-publish","4":"format-standard","5":"has-post-thumbnail","7":"category-nac"},"_links":{"self":[{"href":"https:\/\/primicias2262.com\/noticias\/wp-json\/wp\/v2\/posts\/116619","targetHints":{"allow":["GET"]}}],"collection":[{"href":"https:\/\/primicias2262.com\/noticias\/wp-json\/wp\/v2\/posts"}],"about":[{"href":"https:\/\/primicias2262.com\/noticias\/wp-json\/wp\/v2\/types\/post"}],"author":[{"embeddable":true,"href":"https:\/\/primicias2262.com\/noticias\/wp-json\/wp\/v2\/users\/3"}],"replies":[{"embeddable":true,"href":"https:\/\/primicias2262.com\/noticias\/wp-json\/wp\/v2\/comments?post=116619"}],"version-history":[{"count":1,"href":"https:\/\/primicias2262.com\/noticias\/wp-json\/wp\/v2\/posts\/116619\/revisions"}],"predecessor-version":[{"id":116621,"href":"https:\/\/primicias2262.com\/noticias\/wp-json\/wp\/v2\/posts\/116619\/revisions\/116621"}],"wp:featuredmedia":[{"embeddable":true,"href":"https:\/\/primicias2262.com\/noticias\/wp-json\/wp\/v2\/media\/116620"}],"wp:attachment":[{"href":"https:\/\/primicias2262.com\/noticias\/wp-json\/wp\/v2\/media?parent=116619"}],"wp:term":[{"taxonomy":"category","embeddable":true,"href":"https:\/\/primicias2262.com\/noticias\/wp-json\/wp\/v2\/categories?post=116619"},{"taxonomy":"post_tag","embeddable":true,"href":"https:\/\/primicias2262.com\/noticias\/wp-json\/wp\/v2\/tags?post=116619"}],"curies":[{"name":"wp","href":"https:\/\/api.w.org\/{rel}","templated":true}]}}