{"id":116647,"date":"2025-10-02T23:34:29","date_gmt":"2025-10-02T23:34:29","guid":{"rendered":"https:\/\/primicias2262.com\/noticias\/?p=116647"},"modified":"2025-10-02T23:34:29","modified_gmt":"2025-10-02T23:34:29","slug":"milei-presento-el-nuevo-codigo-penal-necesitamos-tolerancia-cero","status":"publish","type":"post","link":"https:\/\/primicias2262.com\/noticias\/milei-presento-el-nuevo-codigo-penal-necesitamos-tolerancia-cero\/","title":{"rendered":"Milei present\u00f3 el nuevo C\u00f3digo Penal: \u201cNecesitamos tolerancia cero\u201d"},"content":{"rendered":"<div class=\"article-body\" data-tadevel-template=\"web\/article-body\">\n<div class=\"article-body-content\">\n<p>El presidente Javier Milei present\u00f3 hoy en el Penal de Ezeiza el proyecto de nuevo C\u00f3digo Penal que girar\u00e1 al Congreso, y sostuvo que el pa\u00eds necesita \u00abtolerancia cero, que el que las hace las paga, que los juicios se hagan r\u00e1pido y los delincuentes cumplan la condena donde corresponde: en la c\u00e1rcel\u00bb.<\/p>\n<p>En el acto estuvo acompa\u00f1ado por la ministra de Seguridad, Patricia Bullrich, quien destac\u00f3 que el nuevo C\u00f3digo Penal \u00abaumenta las penas de todos los delitos, sobre todo de los graves\u00bb.<\/p>\n<p>Asistieron tambi\u00e9n, entre otros funcionarios, la secretaria General de la Presidencia, Karina Milei, y el diputado y candidato a renovar su banca, Jos\u00e9 Luis Espert, en momentos en que es eje de cr\u00edticas por los supuestos v\u00ednculos con un empresario ligado al narcotr\u00e1fico.<\/p>\n<p>Milei remarc\u00f3 que \u00aba\u00f1os de garantismo se encargaron de atarle jur\u00eddicamente las manos a las Fuerzas de Seguridad, a los jueces y a los fiscales\u00bb, por lo que ahora su gesti\u00f3n se encargar\u00e1 de impulsar \u00abestas reformas de tolerancia cero contra la delincuencia\u00bb.<\/p>\n<p>En ese marco, le envi\u00f3 un mensaje al Congreso, donde la oposici\u00f3n es mayor\u00eda y en los \u00faltimos meses all\u00ed viene frenando e incluso revirtiendo medidas de la gesti\u00f3n libertaria<\/p>\n<p>\u00abSi logramos aprobar estas reformas, quienes delinquen la van a pagar en serio y los argentinos de bien van a vivir en una sociedad m\u00e1s segura. Pero que este conjunto de reformas se implemente o no, dependen directamente del Congreso de la Naci\u00f3n\u00bb.<\/p>\n<p>E insisti\u00f3: \u00abDepende de quienes est\u00e9n sentados en las butacas del poder Legislativo, tengan la vocaci\u00f3n de ponerse del lado de las v\u00edctimas y no del lado de los delincuentes. Por eso, el pa\u00eds necesita diputados y senadores que comprendan esto, no hay puntos medios. Si aprobamos esta reforma la seguridad en la Argentina va a cambiar en serio. Todos sabemos que el sistema no da para m\u00e1s y hay que cambiarlo\u00bb.<\/p>\n<p>Consider\u00f3 que \u00abla doctrina Zaffaroni (por el ex juez de la Corte Suprema) fue invertir la carga a la prueba: se hizo dela v\u00edctima, el victimario y el victimario era una v\u00edctima de la sociedad\u00bb y lament\u00f3 que \u00abde esa manera se relajaron las penas y no hab\u00eda costo para aquel que causaba da\u00f1o a sus semejantes\u00bb, lo que deriv\u00f3 \u00aben una situaci\u00f3n de caos y ausencia de orden\u00bb.<\/p>\n<p>\u00abPor lo tanto, como parte de nuestro objetivo de hacer grande a la Argentina nuevamente, el orden es una precondici\u00f3n y por eso necesitamos tolerancia cero, porque el que las hace las paga y eso es lo que vinimos a hacer en el d\u00eda de hoy\u00bb, remarc\u00f3.<\/p>\n<p>Y cerr\u00f3: \u00abHay que tener penas m\u00e1s duras, que apliquen a quien corresponde, para que los argentinos de bien puedan volver a vivir en libertad\u00bb.<\/p>\n<p>Antes, Bullrich dio un discurso bastante m\u00e1s extenso que el de Milei para brindar detalles de la nueva normativa penal que se busca implementar. \u00abEste c\u00f3digo tiene tres componentes centrales: el primero es el agravamiento de las penas del homicidio simple, porque la vida es el valor m\u00e1s sagrado. Aumenta de 10 a 30 a\u00f1os los homicidios agravados\u00bb, se\u00f1al\u00f3.<\/p>\n<p>Tambi\u00e9n puntualiz\u00f3 que la portaci\u00f3n de armas sin permiso \u00abva a tener una pena no excarcelable y si la persona tiene antecedentes va a ser un agravante\u00bb, mientras que \u00abtambi\u00e9n la portaci\u00f3n de armas blancas\u00bb.<\/p>\n<p>\u00abEl hurto en nuestro pa\u00eds era una verg\u00fcenza: hurtabas una, mil veces y no pasaba nada. Ahora va a haber una pena de hasta 3 a\u00f1os\u00bb, plante\u00f3. \u00abRobar el celular o las pertenencias, la intimidad de una persona, no significar\u00e1 que van a entrar y salir como sucede ahora. Te vas a quedar adentro de 3 a 12 a\u00f1os\u00bb, insisti\u00f3.<\/p>\n<p>Dijo adem\u00e1s que \u00abentrar a la propiedad privada, quedarse, usurparla, pasaban a\u00f1os sin que se pudiera solucionar\u00bb, pero \u00abahora se va a ordenar y la restituci\u00f3n es inmediata del inmueble a sus titulares\u00bb.<\/p>\n<p>Bullrich remarc\u00f3 que \u00ablas falsa denuncias, cuando se vinculan a delitos sexuales, cuando se restringe la posibilidad de ver a los hijos, o a los contactos familiares, lo vamos a incorporar por primera vez en el C\u00f3digo Penal Argentino\u00bb.<\/p>\n<p>Plante\u00f3 que \u00abla Argentina tiene condenas bajas de cohecho, de corrupci\u00f3n, de delitos contra el Estado\u00bb, por lo que \u00abahora se termina la impunidad, m\u00e1s a\u00fan con contrataciones p\u00fablicas\u00bb y se agravar\u00e1n esos delitos para \u00abel Presidente y el Vicepresidente, ministros, gobernadores, altos cargos, jueces, diputados, senadores: el que roba va en cana\u00bb.<\/p>\n<p>Tambi\u00e9n se elevan las penas de todos los delitos complejos \u00abcomo el narcotr\u00e1fico, la trata de personas, el crimen organizado, el secuestro extorsivo y la pornograf\u00eda infantil\u00bb. \u00abEl 82% de los delitos son de prisi\u00f3n efectiva, es verdad que el que las hace las paga\u00bb, finaliz\u00f3.<\/p>\n<\/div>\n<\/div>\n","protected":false},"excerpt":{"rendered":"<p>El presidente Javier Milei present\u00f3 hoy en el Penal de Ezeiza el proyecto de nuevo C\u00f3digo Penal que girar\u00e1 al Congreso, y sostuvo que el pa\u00eds necesita \u00abtolerancia cero, que el que las hace las paga, que los juicios se hagan r\u00e1pido y los delincuentes cumplan la condena donde corresponde: en la c\u00e1rcel\u00bb. En el [&hellip;]<\/p>\n","protected":false},"author":3,"featured_media":116648,"comment_status":"open","ping_status":"open","sticky":false,"template":"","format":"standard","meta":{"footnotes":""},"categories":[7],"tags":[],"class_list":{"0":"post-116647","1":"post","2":"type-post","3":"status-publish","4":"format-standard","5":"has-post-thumbnail","7":"category-nac"},"_links":{"self":[{"href":"https:\/\/primicias2262.com\/noticias\/wp-json\/wp\/v2\/posts\/116647","targetHints":{"allow":["GET"]}}],"collection":[{"href":"https:\/\/primicias2262.com\/noticias\/wp-json\/wp\/v2\/posts"}],"about":[{"href":"https:\/\/primicias2262.com\/noticias\/wp-json\/wp\/v2\/types\/post"}],"author":[{"embeddable":true,"href":"https:\/\/primicias2262.com\/noticias\/wp-json\/wp\/v2\/users\/3"}],"replies":[{"embeddable":true,"href":"https:\/\/primicias2262.com\/noticias\/wp-json\/wp\/v2\/comments?post=116647"}],"version-history":[{"count":1,"href":"https:\/\/primicias2262.com\/noticias\/wp-json\/wp\/v2\/posts\/116647\/revisions"}],"predecessor-version":[{"id":116649,"href":"https:\/\/primicias2262.com\/noticias\/wp-json\/wp\/v2\/posts\/116647\/revisions\/116649"}],"wp:featuredmedia":[{"embeddable":true,"href":"https:\/\/primicias2262.com\/noticias\/wp-json\/wp\/v2\/media\/116648"}],"wp:attachment":[{"href":"https:\/\/primicias2262.com\/noticias\/wp-json\/wp\/v2\/media?parent=116647"}],"wp:term":[{"taxonomy":"category","embeddable":true,"href":"https:\/\/primicias2262.com\/noticias\/wp-json\/wp\/v2\/categories?post=116647"},{"taxonomy":"post_tag","embeddable":true,"href":"https:\/\/primicias2262.com\/noticias\/wp-json\/wp\/v2\/tags?post=116647"}],"curies":[{"name":"wp","href":"https:\/\/api.w.org\/{rel}","templated":true}]}}