{"id":116650,"date":"2025-10-02T23:37:33","date_gmt":"2025-10-02T23:37:33","guid":{"rendered":"https:\/\/primicias2262.com\/noticias\/?p=116650"},"modified":"2025-10-02T23:37:33","modified_gmt":"2025-10-02T23:37:33","slug":"el-senado-rechazo-los-vetos-presidenciales-en-garrahan-y-universidades","status":"publish","type":"post","link":"https:\/\/primicias2262.com\/noticias\/el-senado-rechazo-los-vetos-presidenciales-en-garrahan-y-universidades\/","title":{"rendered":"El Senado rechaz\u00f3 los vetos presidenciales en Garrahan y universidades"},"content":{"rendered":"<p>El Senado se apresta a rechazar hoy los\u00a0<strong>vetos presidenciales<\/strong>\u00a0a los proyectos de\u00a0<strong>emergencia en pediatr\u00eda\u00a0<\/strong>y el de<strong>\u00a0financiamiento universitario<\/strong>. De esta manera, el gobierno de\u00a0<strong>Javier Milei\u00a0<\/strong>seguir\u00e1 en la senda derrotista y deber\u00e1 promulgar ambas leyes.<\/p>\n<p>La insistencia en pediatr\u00eda, que tiene foco en el Hospital Garrahan, encontr\u00f3 adhesiones en los bloques de Uni\u00f3n por la Patria (UxP), radicales, PRO y bancadas provinciales, con un total 59 votos afirmativos. El rechazo fue propiciado por seis senadores de La Libertad Avanza,<strong>\u00a0Francisco Paoltroni<\/strong>\u00a0y\u00a0<strong>Carmen \u00c1lvarez Rivero<\/strong>\u00a0del PRO.<\/p>\n<p>Por su parte, el financiamiento a universidades, un texto que fue redactado por las autoridades del\u00a0<strong>Consejo Interuniversitario Nacional\u00a0<\/strong>(CIN), cosech\u00f3 58 voluntades afirmativas y siete negativas, en una votaci\u00f3n que tambi\u00e9n aglomer\u00f3 a la mayor\u00eda de la oposici\u00f3n y dej\u00f3 del otro lado a los libertarios, Paoltroni y \u00c1lvarez Rivero.<\/p>\n<p>Tres senadores del PRO,\u00a0<strong>Alfredo de Angeli<\/strong>\u00a0(Entre R\u00edos),\u00a0<strong>Mar\u00eda Victoria Huala<\/strong>\u00a0(La Pampa) y\u00a0<strong>Mart\u00edn Goerling<\/strong>\u00a0(Misiones), se abstuvieron en ambas votaciones. Mientras que la radical\u00a0<strong>Carolina Losada<\/strong>\u00a0(Santa Fe) se abstuvo en universidades.<\/p>\n","protected":false},"excerpt":{"rendered":"<p>El Senado se apresta a rechazar hoy los\u00a0vetos presidenciales\u00a0a los proyectos de\u00a0emergencia en pediatr\u00eda\u00a0y el de\u00a0financiamiento universitario. De esta manera, el gobierno de\u00a0Javier Milei\u00a0seguir\u00e1 en la senda derrotista y deber\u00e1 promulgar ambas leyes. La insistencia en pediatr\u00eda, que tiene foco en el Hospital Garrahan, encontr\u00f3 adhesiones en los bloques de Uni\u00f3n por la Patria (UxP), [&hellip;]<\/p>\n","protected":false},"author":3,"featured_media":116651,"comment_status":"open","ping_status":"open","sticky":false,"template":"","format":"standard","meta":{"footnotes":""},"categories":[7],"tags":[],"class_list":{"0":"post-116650","1":"post","2":"type-post","3":"status-publish","4":"format-standard","5":"has-post-thumbnail","7":"category-nac"},"_links":{"self":[{"href":"https:\/\/primicias2262.com\/noticias\/wp-json\/wp\/v2\/posts\/116650","targetHints":{"allow":["GET"]}}],"collection":[{"href":"https:\/\/primicias2262.com\/noticias\/wp-json\/wp\/v2\/posts"}],"about":[{"href":"https:\/\/primicias2262.com\/noticias\/wp-json\/wp\/v2\/types\/post"}],"author":[{"embeddable":true,"href":"https:\/\/primicias2262.com\/noticias\/wp-json\/wp\/v2\/users\/3"}],"replies":[{"embeddable":true,"href":"https:\/\/primicias2262.com\/noticias\/wp-json\/wp\/v2\/comments?post=116650"}],"version-history":[{"count":1,"href":"https:\/\/primicias2262.com\/noticias\/wp-json\/wp\/v2\/posts\/116650\/revisions"}],"predecessor-version":[{"id":116652,"href":"https:\/\/primicias2262.com\/noticias\/wp-json\/wp\/v2\/posts\/116650\/revisions\/116652"}],"wp:featuredmedia":[{"embeddable":true,"href":"https:\/\/primicias2262.com\/noticias\/wp-json\/wp\/v2\/media\/116651"}],"wp:attachment":[{"href":"https:\/\/primicias2262.com\/noticias\/wp-json\/wp\/v2\/media?parent=116650"}],"wp:term":[{"taxonomy":"category","embeddable":true,"href":"https:\/\/primicias2262.com\/noticias\/wp-json\/wp\/v2\/categories?post=116650"},{"taxonomy":"post_tag","embeddable":true,"href":"https:\/\/primicias2262.com\/noticias\/wp-json\/wp\/v2\/tags?post=116650"}],"curies":[{"name":"wp","href":"https:\/\/api.w.org\/{rel}","templated":true}]}}