{"id":116653,"date":"2025-10-02T23:41:19","date_gmt":"2025-10-02T23:41:19","guid":{"rendered":"https:\/\/primicias2262.com\/noticias\/?p=116653"},"modified":"2025-10-02T23:41:19","modified_gmt":"2025-10-02T23:41:19","slug":"mas-de-500-intendentes-le-exigieron-a-milei-un-cambio-de-rumbo-economico-argentina-atraviesa-una-catastrofe","status":"publish","type":"post","link":"https:\/\/primicias2262.com\/noticias\/mas-de-500-intendentes-le-exigieron-a-milei-un-cambio-de-rumbo-economico-argentina-atraviesa-una-catastrofe\/","title":{"rendered":"M\u00e1s de 500 intendentes le exigieron a Milei un cambio de rumbo econ\u00f3mico: \u201cArgentina atraviesa una cat\u00e1strofe\u201d"},"content":{"rendered":"<div class=\"article-body\" data-tadevel-template=\"web\/article-body\">\n<div class=\"article-body-content\">\n<p>La\u00a0<i>Federaci\u00f3n Argentina de Municipios<\/i>\u00a0(FAM), que nuclea a m\u00e1s de<strong>\u00a0<\/strong>500 jefes comunales de todo el pa\u00eds, le exigieron hoy al presidente\u00a0<strong>Javier Milei<\/strong>\u00a0que \u201c<strong>cumpla con la Constituci\u00f3n, la divisi\u00f3n de Poderes y el federalismo<\/strong>\u201d.<\/p>\n<p>\u201cExhortamos al Gobierno a\u00a0<strong>frenar sus crueles medidas econ\u00f3micas<\/strong>\u00a0y a tomar un nuevo rumbo que detenga las consecuencias sociales de sus pol\u00edticas, que atentan directamente contra la subsistencia de los jubilados, el empleo y la dignidad de la mesa de las familias\u201d, manifestaron los jefes comunales agrupados en la FAM, que preside el matancero Fernando Espinoza.<\/p>\n<p>En un comunicado, la entidad alert\u00f3 que Argentina atraviesa una \u201c<strong>cat\u00e1strofe de enorme gravedad econ\u00f3mica y social<\/strong>\u201d y denunci\u00f3 que las consecuencias de esa crisis la est\u00e1 pagando el pueblo con \u201csacrificios insoportables\u201d.<\/p>\n<p>\u201cMientras el pueblo hace sacrificios insoportables, Milei sigue beneficiando a los mismos de siempre: los m\u00e1s ricos, las corporaciones, el poder econ\u00f3mico, los banqueros y las multinacionales\u201d, enumer\u00f3.<\/p>\n<p>Asimismo, la federaci\u00f3n dio cuenta de un mayor ajuste de recursos para los municipios del pa\u00eds en el\u00a0<i>Presupuesto 2026<\/i>\u00a0que, seg\u00fan consider\u00f3 la FAM, \u201cno se discute colectivamente\u201d sino que \u201cse impone y consolida un modelo injusto que concentra privilegios y multiplica desigualdades\u201d.<\/p>\n<p>\u201cLos recursos que se transferir\u00e1n a las provincias (y, por ende, a los municipios que las componemos) son, en t\u00e9rminos reales,\u00a0<strong>un 36,7% menores que lo proyectado para este a\u00f1o<\/strong>, en el que ya nos quitaron m\u00e1s del 80% de los fondos educativos, entre otros, que recib\u00edamos hasta fines de 2023\u201d, detall\u00f3.<\/p>\n<p>Adem\u00e1s, la FAM\u00a0<strong>rechaz\u00f3 el ajuste a las universidades y el Hospital Garrahan<\/strong>, al tiempo que volvi\u00f3 a dar cuenta del \u201cabandono\u201d por parte del Ejecutivo de \u201cla obra p\u00fablica nacional, que afecta directamente a las econom\u00edas de cada ciudad, a la producci\u00f3n, al turismo y la seguridad de los municipios\u201d.<\/p>\n<p>En este escenario, los intendentes se\u00f1alaron tambi\u00e9n que no puede haber democracia plena con la \u201cproscripci\u00f3n\u201d de la ex presidenta\u00a0<strong>Cristina Fern\u00e1ndez de Kirchner\u00a0<\/strong>y reiteraron el pedido de una reuni\u00f3n con el Presidente.<\/p>\n<p>\u201cEl rumbo econ\u00f3mico debe cambiar de manera urgente, porque el camino elegido s\u00f3lo conduce a m\u00e1s pobreza, m\u00e1s exclusi\u00f3n y m\u00e1s injusticia. El pueblo argentino merece otro destino: uno de esperanza, de soberan\u00eda y de dignidad\u201d, remarc\u00f3 la FAM.<\/p>\n<\/div>\n<\/div>\n","protected":false},"excerpt":{"rendered":"<p>La\u00a0Federaci\u00f3n Argentina de Municipios\u00a0(FAM), que nuclea a m\u00e1s de\u00a0500 jefes comunales de todo el pa\u00eds, le exigieron hoy al presidente\u00a0Javier Milei\u00a0que \u201ccumpla con la Constituci\u00f3n, la divisi\u00f3n de Poderes y el federalismo\u201d. \u201cExhortamos al Gobierno a\u00a0frenar sus crueles medidas econ\u00f3micas\u00a0y a tomar un nuevo rumbo que detenga las consecuencias sociales de sus pol\u00edticas, que atentan [&hellip;]<\/p>\n","protected":false},"author":3,"featured_media":116654,"comment_status":"open","ping_status":"open","sticky":false,"template":"","format":"standard","meta":{"footnotes":""},"categories":[7],"tags":[],"class_list":{"0":"post-116653","1":"post","2":"type-post","3":"status-publish","4":"format-standard","5":"has-post-thumbnail","7":"category-nac"},"_links":{"self":[{"href":"https:\/\/primicias2262.com\/noticias\/wp-json\/wp\/v2\/posts\/116653","targetHints":{"allow":["GET"]}}],"collection":[{"href":"https:\/\/primicias2262.com\/noticias\/wp-json\/wp\/v2\/posts"}],"about":[{"href":"https:\/\/primicias2262.com\/noticias\/wp-json\/wp\/v2\/types\/post"}],"author":[{"embeddable":true,"href":"https:\/\/primicias2262.com\/noticias\/wp-json\/wp\/v2\/users\/3"}],"replies":[{"embeddable":true,"href":"https:\/\/primicias2262.com\/noticias\/wp-json\/wp\/v2\/comments?post=116653"}],"version-history":[{"count":1,"href":"https:\/\/primicias2262.com\/noticias\/wp-json\/wp\/v2\/posts\/116653\/revisions"}],"predecessor-version":[{"id":116655,"href":"https:\/\/primicias2262.com\/noticias\/wp-json\/wp\/v2\/posts\/116653\/revisions\/116655"}],"wp:featuredmedia":[{"embeddable":true,"href":"https:\/\/primicias2262.com\/noticias\/wp-json\/wp\/v2\/media\/116654"}],"wp:attachment":[{"href":"https:\/\/primicias2262.com\/noticias\/wp-json\/wp\/v2\/media?parent=116653"}],"wp:term":[{"taxonomy":"category","embeddable":true,"href":"https:\/\/primicias2262.com\/noticias\/wp-json\/wp\/v2\/categories?post=116653"},{"taxonomy":"post_tag","embeddable":true,"href":"https:\/\/primicias2262.com\/noticias\/wp-json\/wp\/v2\/tags?post=116653"}],"curies":[{"name":"wp","href":"https:\/\/api.w.org\/{rel}","templated":true}]}}