{"id":116679,"date":"2025-10-03T21:29:35","date_gmt":"2025-10-03T21:29:35","guid":{"rendered":"https:\/\/primicias2262.com\/noticias\/?p=116679"},"modified":"2025-10-03T21:29:35","modified_gmt":"2025-10-03T21:29:35","slug":"kicillof-se-refirio-a-la-denuncia-contra-espert-tiene-que-dar-explicaciones-verosimiles","status":"publish","type":"post","link":"https:\/\/primicias2262.com\/noticias\/kicillof-se-refirio-a-la-denuncia-contra-espert-tiene-que-dar-explicaciones-verosimiles\/","title":{"rendered":"Kicillof se refiri\u00f3 a la denuncia contra Espert: \u201cTiene que dar explicaciones veros\u00edmiles\u201d"},"content":{"rendered":"<div class=\"article-body\" data-tadevel-template=\"web\/article-body\">\n<div class=\"article-body-content\">\n<p>El gobernador bonaerense,<strong>\u00a0Axel Kicillof<\/strong>, se refiri\u00f3 este viernes a la denuncia contra<strong>\u00a0Jos\u00e9 Luis Espert<\/strong>, candidato a diputado nacional de La Libertad Avanza, por su v\u00ednculo con el empresario\u00a0<strong>Federico \u2018Fred\u2019 Machado<\/strong>, acusado en Estados Unidos de fraude, conspiraci\u00f3n para traficar drogas y lavado de dinero.<\/p>\n<p>\u201c<strong>Tiene que dar explicaciones veros\u00edmiles y plausibles<\/strong>, que den cuenta de que no hubo dinero narco que haya ido a una cuenta de \u00e9l o a su campa\u00f1a\u201d, consider\u00f3 el gobernador en una entrevista para Canal 8 Stream, donde tambi\u00e9n particip\u00f3 el candidato a diputado de Fuerza Patria, Jorge Taiana.<\/p>\n<p>En esa l\u00ednea, el gobernador dijo que busca ser \u201cprudente\u201d en sus opiniones para\u00a0<strong>no incentivar que se apliquen \u201csentencias televisivas\u201d<\/strong>\u00a0hasta que no se conozca la verdad del caso. \u201cA mi ellos no me dan ese tratamiento. Se la pasan todo el tiempo revoleando acusaciones de nosotros\u201d, subray\u00f3 Kicillof.<\/p>\n<p>Asimismo, el gobernador explic\u00f3 que la \u201cnovedad del caso\u201d es que apareci\u00f3 en un juzgado norteamericano una transacci\u00f3n oficial en la contabilidad de una persona que est\u00e1 presa por narcotr\u00e1fico \u2013Debra Mercer-Erwin, socia de Machado\u2013 donde figura Jos\u00e9 Luis Espert.<\/p>\n<p>\u201c<strong>Ojal\u00e1 hubiera explicaciones, porque sino estamos ante un caso muy grave<\/strong>\u00a0de financiamiento de gente del narcotr\u00e1fico a una campa\u00f1a electoral y un candidato\u201d, plante\u00f3 Kicillof.<\/p>\n<p>En tanto, el mandatario bonaerense sostuvo que no les da \u201cregocijo\u201d que el principal candidato de la oposici\u00f3n en la provincia de Buenos Aires tenga v\u00ednculos con el narcotr\u00e1fico.<\/p>\n<p>\u201cEso\u00a0<strong>habla de una degradaci\u00f3n de la fuerza pol\u00edtica que se opone a nosotros<\/strong>\u00a0y que forma parte del Gobierno. Es de una gravedad enorme, espero que den una explicaci\u00f3n plausible, porque todav\u00eda no la escuchamos\u201d, cerr\u00f3 Kicillof.<\/p>\n<\/div>\n<\/div>\n","protected":false},"excerpt":{"rendered":"<p>El gobernador bonaerense,\u00a0Axel Kicillof, se refiri\u00f3 este viernes a la denuncia contra\u00a0Jos\u00e9 Luis Espert, candidato a diputado nacional de La Libertad Avanza, por su v\u00ednculo con el empresario\u00a0Federico \u2018Fred\u2019 Machado, acusado en Estados Unidos de fraude, conspiraci\u00f3n para traficar drogas y lavado de dinero. \u201cTiene que dar explicaciones veros\u00edmiles y plausibles, que den cuenta de [&hellip;]<\/p>\n","protected":false},"author":3,"featured_media":107551,"comment_status":"open","ping_status":"open","sticky":false,"template":"","format":"standard","meta":{"footnotes":""},"categories":[7],"tags":[],"class_list":{"0":"post-116679","1":"post","2":"type-post","3":"status-publish","4":"format-standard","5":"has-post-thumbnail","7":"category-nac"},"_links":{"self":[{"href":"https:\/\/primicias2262.com\/noticias\/wp-json\/wp\/v2\/posts\/116679","targetHints":{"allow":["GET"]}}],"collection":[{"href":"https:\/\/primicias2262.com\/noticias\/wp-json\/wp\/v2\/posts"}],"about":[{"href":"https:\/\/primicias2262.com\/noticias\/wp-json\/wp\/v2\/types\/post"}],"author":[{"embeddable":true,"href":"https:\/\/primicias2262.com\/noticias\/wp-json\/wp\/v2\/users\/3"}],"replies":[{"embeddable":true,"href":"https:\/\/primicias2262.com\/noticias\/wp-json\/wp\/v2\/comments?post=116679"}],"version-history":[{"count":1,"href":"https:\/\/primicias2262.com\/noticias\/wp-json\/wp\/v2\/posts\/116679\/revisions"}],"predecessor-version":[{"id":116680,"href":"https:\/\/primicias2262.com\/noticias\/wp-json\/wp\/v2\/posts\/116679\/revisions\/116680"}],"wp:featuredmedia":[{"embeddable":true,"href":"https:\/\/primicias2262.com\/noticias\/wp-json\/wp\/v2\/media\/107551"}],"wp:attachment":[{"href":"https:\/\/primicias2262.com\/noticias\/wp-json\/wp\/v2\/media?parent=116679"}],"wp:term":[{"taxonomy":"category","embeddable":true,"href":"https:\/\/primicias2262.com\/noticias\/wp-json\/wp\/v2\/categories?post=116679"},{"taxonomy":"post_tag","embeddable":true,"href":"https:\/\/primicias2262.com\/noticias\/wp-json\/wp\/v2\/tags?post=116679"}],"curies":[{"name":"wp","href":"https:\/\/api.w.org\/{rel}","templated":true}]}}