{"id":116704,"date":"2025-10-06T18:20:59","date_gmt":"2025-10-06T18:20:59","guid":{"rendered":"https:\/\/primicias2262.com\/noticias\/?p=116704"},"modified":"2025-10-06T18:20:59","modified_gmt":"2025-10-06T18:20:59","slug":"espert-renuncio-a-la-comision-presupuesto-y-hacienda-en-diputados","status":"publish","type":"post","link":"https:\/\/primicias2262.com\/noticias\/espert-renuncio-a-la-comision-presupuesto-y-hacienda-en-diputados\/","title":{"rendered":"Espert renunci\u00f3 a la Comisi\u00f3n Presupuesto y Hacienda en Diputados"},"content":{"rendered":"<div class=\"article-body\" data-tadevel-template=\"web\/article-body\">\n<div class=\"article-body-content\">\n<p>El diputado nacional y ex candidato de La Libertad Avanza (LLA), Jos\u00e9 Luis Espert, renunci\u00f3 a la titularidad de la Comisi\u00f3n de Presupuesto y Hacienda de la C\u00e1mara de Diputados.<\/p>\n<p>Este hecho sucedi\u00f3 luego de que el funcionario libertario le presentara ayer su declinaci\u00f3n a la candidatura de las pr\u00f3ximas elecciones legislativas de octubre, al presidente Javier Milei y \u00e9ste se las aceptara.<\/p>\n<p>En el d\u00eda de ayer, Espert decidi\u00f3 \u201cdar un paso al costado por la Argentina\u201d y seg\u00fan Milei, demostr\u00f3 que fue un acto \u201cmaravilloso\u201d porque dej\u00f3 demostrado que \u201cno son lo mismo\u201d: \u201cAntepuso el pa\u00eds a una situaci\u00f3n personal\u201d, remarc\u00f3 el mandatario.<\/p>\n<p><i>\u201cEn estas elecciones la Argentina tiene, una vez m\u00e1s, la oportunidad de dar vuelta la p\u00e1gina de su triste historia. Desde que el Presidente asumi\u00f3 est\u00e1 llevando adelante ese cambio con el esfuerzo y acompa\u00f1amiento de la mayor\u00eda de los argentinos<\/i>\u201d, indic\u00f3 ayer Espert.<\/p>\n<p>Por otra parte, dej\u00f3 en claro que esta \u201ces una operaci\u00f3n claramente orquestada por un sistema que destruy\u00f3 a la Argentina por d\u00e9cadas\u201d en referencia al kirchnerismo y, puntualmente, a los candidatos de Fuerza Patria, Jorge Taiana y Juan Grabois.<\/p>\n<p>En la misma l\u00ednea, calific\u00f3 de \u201cdespiadado\u201d el juicio medi\u00e1tico que recibi\u00f3 hacia su persona y al que \u201cno se seguir\u00e1 prestando\u201d: \u201cA diferencia de los que, ante cada campa\u00f1a electoral, utilizan las mismas armas, yo no tengo nada que ocultar\u201d.<\/p>\n<p>Tambi\u00e9n, se\u00f1al\u00f3 que \u201cdemostrar\u00e9 su inocencia\u201d ante la Justicia, y lo har\u00e1 \u201csin fueros ni privilegios\u201d y les solicit\u00f3 a sus compa\u00f1eros de LLA \u201cque no se dejen psicopatear\u201d porque les dar\u00e1 explicaciones \u201cen su debido momento y en donde corresponda\u201d.<\/p>\n<p><i>\u201cEl tiempo demostrar\u00e1 que todo esto fue una gran mentira para ensuciar este proceso electoral y as\u00ed evitar discutir lo que los argentinos tenemos que hacer para cambiar el rumbo de nuestro pa\u00eds. Deseo que los argentinos vivamos como nos merecemos. Por eso no puedo permitir que el proyecto de pa\u00eds que emprendimos con tanto esfuerzo, se desmorone\u201d,<\/i>\u00a0concluy\u00f3.<\/p>\n<\/div>\n<\/div>\n","protected":false},"excerpt":{"rendered":"<p>El diputado nacional y ex candidato de La Libertad Avanza (LLA), Jos\u00e9 Luis Espert, renunci\u00f3 a la titularidad de la Comisi\u00f3n de Presupuesto y Hacienda de la C\u00e1mara de Diputados. Este hecho sucedi\u00f3 luego de que el funcionario libertario le presentara ayer su declinaci\u00f3n a la candidatura de las pr\u00f3ximas elecciones legislativas de octubre, al [&hellip;]<\/p>\n","protected":false},"author":3,"featured_media":116705,"comment_status":"open","ping_status":"open","sticky":false,"template":"","format":"standard","meta":{"footnotes":""},"categories":[7],"tags":[],"class_list":{"0":"post-116704","1":"post","2":"type-post","3":"status-publish","4":"format-standard","5":"has-post-thumbnail","7":"category-nac"},"_links":{"self":[{"href":"https:\/\/primicias2262.com\/noticias\/wp-json\/wp\/v2\/posts\/116704","targetHints":{"allow":["GET"]}}],"collection":[{"href":"https:\/\/primicias2262.com\/noticias\/wp-json\/wp\/v2\/posts"}],"about":[{"href":"https:\/\/primicias2262.com\/noticias\/wp-json\/wp\/v2\/types\/post"}],"author":[{"embeddable":true,"href":"https:\/\/primicias2262.com\/noticias\/wp-json\/wp\/v2\/users\/3"}],"replies":[{"embeddable":true,"href":"https:\/\/primicias2262.com\/noticias\/wp-json\/wp\/v2\/comments?post=116704"}],"version-history":[{"count":1,"href":"https:\/\/primicias2262.com\/noticias\/wp-json\/wp\/v2\/posts\/116704\/revisions"}],"predecessor-version":[{"id":116706,"href":"https:\/\/primicias2262.com\/noticias\/wp-json\/wp\/v2\/posts\/116704\/revisions\/116706"}],"wp:featuredmedia":[{"embeddable":true,"href":"https:\/\/primicias2262.com\/noticias\/wp-json\/wp\/v2\/media\/116705"}],"wp:attachment":[{"href":"https:\/\/primicias2262.com\/noticias\/wp-json\/wp\/v2\/media?parent=116704"}],"wp:term":[{"taxonomy":"category","embeddable":true,"href":"https:\/\/primicias2262.com\/noticias\/wp-json\/wp\/v2\/categories?post=116704"},{"taxonomy":"post_tag","embeddable":true,"href":"https:\/\/primicias2262.com\/noticias\/wp-json\/wp\/v2\/tags?post=116704"}],"curies":[{"name":"wp","href":"https:\/\/api.w.org\/{rel}","templated":true}]}}