{"id":116707,"date":"2025-10-06T18:22:18","date_gmt":"2025-10-06T18:22:18","guid":{"rendered":"https:\/\/primicias2262.com\/noticias\/?p=116707"},"modified":"2025-10-06T18:22:18","modified_gmt":"2025-10-06T18:22:18","slug":"nuevo-reves-para-alberto-fernandez-en-la-causa-por-violencia-de-genero-casacion-rechazo-sus-planteos","status":"publish","type":"post","link":"https:\/\/primicias2262.com\/noticias\/nuevo-reves-para-alberto-fernandez-en-la-causa-por-violencia-de-genero-casacion-rechazo-sus-planteos\/","title":{"rendered":"Nuevo rev\u00e9s para Alberto Fern\u00e1ndez en la causa por violencia de g\u00e9nero: Casaci\u00f3n rechaz\u00f3 sus planteos"},"content":{"rendered":"<div class=\"article-body\" data-tadevel-template=\"web\/article-body\">\n<div class=\"article-body-content\">\n<p>La\u00a0<strong>C\u00e1mara Federal de Casaci\u00f3n Penal desestim\u00f3 todos los planteos del ex presidente Alberto Fern\u00e1ndez<\/strong>\u00a0en la causa por violencia de g\u00e9nero contra Fabiola Ya\u00f1ez, aunque acept\u00f3 apartar al juez Juli\u00e1n Ercolini por su v\u00ednculo personal con el imputado, sin anular los actos ya realizados en el expediente.<\/p>\n<p>La decisi\u00f3n fue adoptada por unanimidad por la Sala II del m\u00e1ximo tribunal penal, integrada por los jueces \u00c1ngela Ledesma, Alejandro Slokar y Guillermo Yacobucci, quienes\u00a0<strong>rechazaron los cuestionamientos de la defensa a la confirmaci\u00f3n del procesamiento de Fern\u00e1ndez<\/strong>\u00a0como autor de\u00a0<strong>lesiones leves y graves agravadas por contexto de violencia de g\u00e9nero y amenazas coactivas<\/strong>, todos en concurso real.<\/p>\n<h3>Apartan al juez Ercolini, pero se acerca el juicio oral<\/h3>\n<p>Los camaristas tambi\u00e9n descartaron los pedidos de nulidad y las excepciones de falta de acci\u00f3n, as\u00ed como el intento de derivar la causa a la jurisdicci\u00f3n de San Isidro. En cuanto a la recusaci\u00f3n de Ercolini, los magistrados consideraron que los nuevos elementos aportados en audiencia daban sustento a la versi\u00f3n del ex mandatario sobre la p\u00e9rdida de relaci\u00f3n con el juez, lo que podr\u00eda afectar la imparcialidad del proceso.<\/p>\n<p>Pese al apartamiento,\u00a0<strong>el tribunal dej\u00f3 firme la validez de todas las actuaciones previas<\/strong>, citando los compromisos internacionales del Estado argentino en materia de g\u00e9nero, como la CEDAW y la Convenci\u00f3n de Bel\u00e9m do Par\u00e1. Con este fallo,\u00a0<strong>Fern\u00e1ndez queda a un paso del juicio oral<\/strong>\u00a0por las acusaciones de violencia contra su ex pareja.<\/p>\n<\/div>\n<\/div>\n","protected":false},"excerpt":{"rendered":"<p>La\u00a0C\u00e1mara Federal de Casaci\u00f3n Penal desestim\u00f3 todos los planteos del ex presidente Alberto Fern\u00e1ndez\u00a0en la causa por violencia de g\u00e9nero contra Fabiola Ya\u00f1ez, aunque acept\u00f3 apartar al juez Juli\u00e1n Ercolini por su v\u00ednculo personal con el imputado, sin anular los actos ya realizados en el expediente. La decisi\u00f3n fue adoptada por unanimidad por la Sala [&hellip;]<\/p>\n","protected":false},"author":3,"featured_media":109338,"comment_status":"open","ping_status":"open","sticky":false,"template":"","format":"standard","meta":{"footnotes":""},"categories":[7],"tags":[],"class_list":{"0":"post-116707","1":"post","2":"type-post","3":"status-publish","4":"format-standard","5":"has-post-thumbnail","7":"category-nac"},"_links":{"self":[{"href":"https:\/\/primicias2262.com\/noticias\/wp-json\/wp\/v2\/posts\/116707","targetHints":{"allow":["GET"]}}],"collection":[{"href":"https:\/\/primicias2262.com\/noticias\/wp-json\/wp\/v2\/posts"}],"about":[{"href":"https:\/\/primicias2262.com\/noticias\/wp-json\/wp\/v2\/types\/post"}],"author":[{"embeddable":true,"href":"https:\/\/primicias2262.com\/noticias\/wp-json\/wp\/v2\/users\/3"}],"replies":[{"embeddable":true,"href":"https:\/\/primicias2262.com\/noticias\/wp-json\/wp\/v2\/comments?post=116707"}],"version-history":[{"count":1,"href":"https:\/\/primicias2262.com\/noticias\/wp-json\/wp\/v2\/posts\/116707\/revisions"}],"predecessor-version":[{"id":116708,"href":"https:\/\/primicias2262.com\/noticias\/wp-json\/wp\/v2\/posts\/116707\/revisions\/116708"}],"wp:featuredmedia":[{"embeddable":true,"href":"https:\/\/primicias2262.com\/noticias\/wp-json\/wp\/v2\/media\/109338"}],"wp:attachment":[{"href":"https:\/\/primicias2262.com\/noticias\/wp-json\/wp\/v2\/media?parent=116707"}],"wp:term":[{"taxonomy":"category","embeddable":true,"href":"https:\/\/primicias2262.com\/noticias\/wp-json\/wp\/v2\/categories?post=116707"},{"taxonomy":"post_tag","embeddable":true,"href":"https:\/\/primicias2262.com\/noticias\/wp-json\/wp\/v2\/tags?post=116707"}],"curies":[{"name":"wp","href":"https:\/\/api.w.org\/{rel}","templated":true}]}}