{"id":116709,"date":"2025-10-06T18:25:30","date_gmt":"2025-10-06T18:25:30","guid":{"rendered":"https:\/\/primicias2262.com\/noticias\/?p=116709"},"modified":"2025-10-06T18:25:30","modified_gmt":"2025-10-06T18:25:30","slug":"la-libertad-avanza-pedira-la-reimpresion-de-las-boletas-y-aguarda-la-definicion-de-la-justicia-electoral","status":"publish","type":"post","link":"https:\/\/primicias2262.com\/noticias\/la-libertad-avanza-pedira-la-reimpresion-de-las-boletas-y-aguarda-la-definicion-de-la-justicia-electoral\/","title":{"rendered":"La Libertad Avanza pedir\u00e1 la reimpresi\u00f3n de las boletas y aguarda la definici\u00f3n de la Justicia Electoral"},"content":{"rendered":"<div class=\"article-body\" data-tadevel-template=\"web\/article-body\">\n<div class=\"article-body-content\">\n<p>Con la reciente baja de\u00a0<strong>Jos\u00e9 Luis Espert<\/strong>, La Libertad Avanza trabaja para oficializar al flamante candidato de la alianza, el diputado del PRO\u00a0<strong>Diego Santilli\u00a0<\/strong>y aspira a tener su rostro en la<strong>\u00a0Boleta \u00danica de Papel (BUP)<\/strong>, que hasta el momento lleva el de \u201cEl Profe\u201d, rumbo a las elecciones legislativas nacionales del 26 de octubre.<\/p>\n<p>Pese a que los tiempos del calendario electoral apremian, los apoderados legales<strong>\u00a0Santiago Viola, Alejandro Carrancio\u00a0<\/strong>y<strong>\u00a0Juan Osaba\u00a0<\/strong>elaboraron un escrito que presentar\u00e1n durante el transcurso de la jornada de hoy para instrumentar el cambio de candidato.<\/p>\n<p>Seg\u00fan supo la\u00a0<i>agencia Noticias Argentinas<\/i>\u00a0de fuentes del espacio, la nota formal incluir\u00e1 la\u00a0<strong>solicitud de la impresi\u00f3n de las Boleta \u00danica de Papel (BUP)\u00a0<\/strong>conforme al nuevo candidato que ser\u00e1 oficializado por estas horas.<\/p>\n<p>En los equipos legales aseguran que los costos extras por las nuevas impresiones, que se calculan en m\u00e1s de 10 mil millones de pesos, deber\u00e1n ser abordados por el\u00a0<strong>Ministerio del Interior<\/strong>, aunque hay voces internas que plantean que el partido es el que deber\u00eda hacerse cargo.<\/p>\n<p>Pese a las solicitudes formales, la \u00faltima palabra la tiene el juzgado electoral a cargo del juez de competencia Alejo\u00a0<strong>Ramos Padilla.\u00a0<\/strong>Lo cierto es que el C\u00f3digo Nacional Electoral no parece favorecer a la administraci\u00f3n libertaria dado que en su art\u00edculo 63, establece que los plazos para presentar impugnaciones deben ser con \u201c<strong>una antelaci\u00f3n no menor a sesenta (60) d\u00edas corridos de la realizaci\u00f3n del acto eleccionario\u201d.<\/strong><\/p>\n<p>Al respecto, un funcionario violeta se expidi\u00f3 sobre el tema y reclam\u00f3 a la justicia que acompa\u00f1e la solicitud. \u201cSi no habilitan van a vulnerar los derechos electorales de transparencia de los ciudadanos\u201d, sintetiz\u00f3 a la\u00a0<i>agencia Noticias Argentinas,\u00a0<\/i>y calcul\u00f3: \u201cSi bien los plazos est\u00e1n establecidos, si la Justicia llega se debe hacer.\u00a0<strong>Tardan 8 d\u00edas en reimprimir\u201d.\u00a0<\/strong><\/p>\n<p>Un integrante del equipo de legales neg\u00f3 ante esta agencia que hasta el momento se hayan impreso m\u00e1s de 50% de las papeletas como se\u00f1ala la oposici\u00f3n, y revel\u00f3 que aspiran a solicitar la totalidad de las nuevas boletas correspondientes a provincia de Buenos Aires.<\/p>\n<p>De esta forma, y pese a los se\u00f1alamientos de la oposici\u00f3n, La Libertad Avanza intenta desprenderse de la cara de \u201cEl Profe\u201d Espert que figura en las boletas y materiales de campa\u00f1a rumbo a los comicios de octubre.<\/p>\n<p>Esta ma\u00f1ana, el propio Santilli se mostr\u00f3 a favor de la modificaci\u00f3n que incluya su foto en las boletas, aunque asegur\u00f3 que la solicitud la encarnar\u00e1n los apoderados legales.\u00a0<strong>\u201cNo me vuelve loco ser primero, quiero apoyar este modelo de cambio\u201d<\/strong>, sentenci\u00f3 en declaraciones a Radio Rivadavia, y agreg\u00f3: \u201cEstar\u00eda bueno. Todo lo que sirva para que la ciudadan\u00eda vea qui\u00e9nes van a ir a votar, est\u00e1 bien\u201d.<\/p>\n<p>En la misma l\u00ednea se manifest\u00f3 el jefe de Gabinete,\u00a0<strong>Guillermo Francos,<\/strong>\u00a0al sostener que\u00a0<strong>el juez evaluar\u00e1 si se puede cumplir con los plazos para la reimpresi\u00f3n de la boleta diferente y anticip\u00f3 que si los costos los debe asumir el partido, recurrir\u00e1 a \u201capoyos, donaciones y aportes\u201d<\/strong>.<\/p>\n<\/div>\n<\/div>\n","protected":false},"excerpt":{"rendered":"<p>Con la reciente baja de\u00a0Jos\u00e9 Luis Espert, La Libertad Avanza trabaja para oficializar al flamante candidato de la alianza, el diputado del PRO\u00a0Diego Santilli\u00a0y aspira a tener su rostro en la\u00a0Boleta \u00danica de Papel (BUP), que hasta el momento lleva el de \u201cEl Profe\u201d, rumbo a las elecciones legislativas nacionales del 26 de octubre. Pese [&hellip;]<\/p>\n","protected":false},"author":3,"featured_media":116710,"comment_status":"open","ping_status":"open","sticky":false,"template":"","format":"standard","meta":{"footnotes":""},"categories":[7],"tags":[],"class_list":{"0":"post-116709","1":"post","2":"type-post","3":"status-publish","4":"format-standard","5":"has-post-thumbnail","7":"category-nac"},"_links":{"self":[{"href":"https:\/\/primicias2262.com\/noticias\/wp-json\/wp\/v2\/posts\/116709","targetHints":{"allow":["GET"]}}],"collection":[{"href":"https:\/\/primicias2262.com\/noticias\/wp-json\/wp\/v2\/posts"}],"about":[{"href":"https:\/\/primicias2262.com\/noticias\/wp-json\/wp\/v2\/types\/post"}],"author":[{"embeddable":true,"href":"https:\/\/primicias2262.com\/noticias\/wp-json\/wp\/v2\/users\/3"}],"replies":[{"embeddable":true,"href":"https:\/\/primicias2262.com\/noticias\/wp-json\/wp\/v2\/comments?post=116709"}],"version-history":[{"count":1,"href":"https:\/\/primicias2262.com\/noticias\/wp-json\/wp\/v2\/posts\/116709\/revisions"}],"predecessor-version":[{"id":116711,"href":"https:\/\/primicias2262.com\/noticias\/wp-json\/wp\/v2\/posts\/116709\/revisions\/116711"}],"wp:featuredmedia":[{"embeddable":true,"href":"https:\/\/primicias2262.com\/noticias\/wp-json\/wp\/v2\/media\/116710"}],"wp:attachment":[{"href":"https:\/\/primicias2262.com\/noticias\/wp-json\/wp\/v2\/media?parent=116709"}],"wp:term":[{"taxonomy":"category","embeddable":true,"href":"https:\/\/primicias2262.com\/noticias\/wp-json\/wp\/v2\/categories?post=116709"},{"taxonomy":"post_tag","embeddable":true,"href":"https:\/\/primicias2262.com\/noticias\/wp-json\/wp\/v2\/tags?post=116709"}],"curies":[{"name":"wp","href":"https:\/\/api.w.org\/{rel}","templated":true}]}}