{"id":116725,"date":"2025-10-08T00:04:49","date_gmt":"2025-10-08T00:04:49","guid":{"rendered":"https:\/\/primicias2262.com\/noticias\/?p=116725"},"modified":"2025-10-08T00:05:17","modified_gmt":"2025-10-08T00:05:17","slug":"la-policia-federal-detuvo-a-fred-machado-y-sera-extraditado-a-los-estados-unidos","status":"publish","type":"post","link":"https:\/\/primicias2262.com\/noticias\/la-policia-federal-detuvo-a-fred-machado-y-sera-extraditado-a-los-estados-unidos\/","title":{"rendered":"La Polic\u00eda Federal detuvo a Fred Machado y ser\u00e1 extraditado a los Estados Unidos"},"content":{"rendered":"<div class=\"article-body\" data-tadevel-template=\"web\/article-body\">\n<div class=\"article-body-content\">\n<p>El empresario\u00a0<strong>Federico \u00abFred\u00bb Machado<\/strong>\u00a0fue detenido por la Polic\u00eda Federal Argentina este martes por la tarde en su casa de Viedma, en el marco del operativo para hacer efectiva su extradici\u00f3n a los Estados Unidos, donde debe ser juzgado por narcotr\u00e1fico y fraude. El operativo se concret\u00f3 horas despu\u00e9s de que la Corte Suprema de Justicia de la Naci\u00f3n dejara firme el pedido de la justicia norteamericana.<\/p>\n<p>Efectivos de la Polic\u00eda Federal ingresaron al domicilio del empresario, ubicado en el kil\u00f3metro 20 de la ruta provincial N\u00b01 que une Viedma con el balneario El C\u00f3ndor, para proceder a su arresto y posterior traslado al juzgado.<\/p>\n<p>La primicia fue confirmada desde el lugar por la periodista\u00a0<strong>Caro Fern\u00e1ndez, de Splendid AM 990<\/strong>, quien se encontraba en las afueras de la propiedad al momento en que llegaron los agentes federales.<\/p>\n<p>\u00abEstoy ac\u00e1 en el kil\u00f3metro 20, en la puerta de la casa de Federico Machado. Lleg\u00f3 la gente de la Polic\u00eda Federal, nos pidi\u00f3 que sali\u00e9ramos, y est\u00e1n adentro,\u00a0<strong>lo van a detener, lo van a llevar al juzgado<\/strong>\u00ab, inform\u00f3 la cronista a Noticias Argentinas.<\/p>\n<p>La detenci\u00f3n de Machado era inminente luego de que este mismo martes el m\u00e1ximo tribunal del pa\u00eds rechazara los \u00faltimos recursos de su defensa y ratificara la decisi\u00f3n del Juzgado Federal de Neuqu\u00e9n de conceder la extradici\u00f3n a Estados Unidos para que sea juzgado por cinco cargos, entre ellos asociaci\u00f3n il\u00edcita para poseer y distribuir coca\u00edna.<\/p>\n<\/div>\n<\/div>\n","protected":false},"excerpt":{"rendered":"<p>El empresario\u00a0Federico \u00abFred\u00bb Machado\u00a0fue detenido por la Polic\u00eda Federal Argentina este martes por la tarde en su casa de Viedma, en el marco del operativo para hacer efectiva su extradici\u00f3n a los Estados Unidos, donde debe ser juzgado por narcotr\u00e1fico y fraude. El operativo se concret\u00f3 horas despu\u00e9s de que la Corte Suprema de Justicia [&hellip;]<\/p>\n","protected":false},"author":3,"featured_media":116726,"comment_status":"open","ping_status":"open","sticky":false,"template":"","format":"standard","meta":{"footnotes":""},"categories":[7],"tags":[],"class_list":{"0":"post-116725","1":"post","2":"type-post","3":"status-publish","4":"format-standard","5":"has-post-thumbnail","7":"category-nac"},"_links":{"self":[{"href":"https:\/\/primicias2262.com\/noticias\/wp-json\/wp\/v2\/posts\/116725","targetHints":{"allow":["GET"]}}],"collection":[{"href":"https:\/\/primicias2262.com\/noticias\/wp-json\/wp\/v2\/posts"}],"about":[{"href":"https:\/\/primicias2262.com\/noticias\/wp-json\/wp\/v2\/types\/post"}],"author":[{"embeddable":true,"href":"https:\/\/primicias2262.com\/noticias\/wp-json\/wp\/v2\/users\/3"}],"replies":[{"embeddable":true,"href":"https:\/\/primicias2262.com\/noticias\/wp-json\/wp\/v2\/comments?post=116725"}],"version-history":[{"count":1,"href":"https:\/\/primicias2262.com\/noticias\/wp-json\/wp\/v2\/posts\/116725\/revisions"}],"predecessor-version":[{"id":116727,"href":"https:\/\/primicias2262.com\/noticias\/wp-json\/wp\/v2\/posts\/116725\/revisions\/116727"}],"wp:featuredmedia":[{"embeddable":true,"href":"https:\/\/primicias2262.com\/noticias\/wp-json\/wp\/v2\/media\/116726"}],"wp:attachment":[{"href":"https:\/\/primicias2262.com\/noticias\/wp-json\/wp\/v2\/media?parent=116725"}],"wp:term":[{"taxonomy":"category","embeddable":true,"href":"https:\/\/primicias2262.com\/noticias\/wp-json\/wp\/v2\/categories?post=116725"},{"taxonomy":"post_tag","embeddable":true,"href":"https:\/\/primicias2262.com\/noticias\/wp-json\/wp\/v2\/tags?post=116725"}],"curies":[{"name":"wp","href":"https:\/\/api.w.org\/{rel}","templated":true}]}}