{"id":116728,"date":"2025-10-08T00:07:48","date_gmt":"2025-10-08T00:07:48","guid":{"rendered":"https:\/\/primicias2262.com\/noticias\/?p=116728"},"modified":"2025-10-08T00:07:48","modified_gmt":"2025-10-08T00:07:48","slug":"segun-un-informe-salarios-y-jubilaciones-no-logran-recuperar-nada-de-lo-perdido-desde-la-asuncion-de-milei","status":"publish","type":"post","link":"https:\/\/primicias2262.com\/noticias\/segun-un-informe-salarios-y-jubilaciones-no-logran-recuperar-nada-de-lo-perdido-desde-la-asuncion-de-milei\/","title":{"rendered":"Seg\u00fan un informe, salarios y jubilaciones \u201cno logran recuperar nada de lo perdido\u201d desde la asunci\u00f3n de Milei"},"content":{"rendered":"<p><strong>Un informe realizado por el Mirador de Actualidad del Trabajo y la Econom\u00eda (MATE) detall\u00f3 que los salarios y las jubilaciones, al mes de septiembre, \u201cno logran recuperar nada de lo perdido\u201d desde el inicio del gobierno de\u00a0<\/strong><a href=\"https:\/\/noticiasargentinas.com\/javier-milei_t65552d79207c69788b5733a8\"><strong>Javier Milei<\/strong><\/a><strong>, en diciembre del 2023.<\/strong><\/p>\n<p>El informe del\u00a0<strong>MATE<\/strong>\u00a0sostiene que la<strong>\u00a0inflaci\u00f3n<\/strong>\u00a0\u201clleva casi cinco meses al alza\u201d, siendo la \u00faltima de\u00a0<strong>agosto del 1,9%<\/strong>, y provoca \u201cun valor que marca la persistencia del problema inflacionario\u201d.<\/p>\n<p><strong>\u201cEs un magro resultado teniendo en cuenta el alto costo social, financiero y productivo al que se someti\u00f3 a la sociedad argentina con la excusa de bajar la inflaci\u00f3n\u201d<\/strong>, se\u00f1al\u00f3 el reporte econ\u00f3mico.<\/p>\n<p>Con relaci\u00f3n al\u00a0<strong>salario del sector p\u00fablico<\/strong>, qued\u00f3\u00a0<strong>19% por debajo\u00a0<\/strong>del nivel de diciembre del 2023 y acumula\u00a0<strong>10 meses en ese mismo nivel.<\/strong><\/p>\n<p>De esta manera,\u00a0<mark>cada trabajador del sector p\u00fablico perdi\u00f3 $8,1 millones desde el inicio del gobierno de Milei<\/mark>.<\/p>\n<p>El\u00a0<strong>salario del sector privado<\/strong>\u00a0tampoco repunt\u00f3: se estanc\u00f3\u00a0<strong>cinco puntos<\/strong>\u00a0por debajo del nivel que ten\u00eda al asumir Milei y, al igual que el de la administraci\u00f3n p\u00fablica,\u00a0<strong>hace 10 meses que no crece.<\/strong><\/p>\n<p><strong>Es decir, que desde diciembre del 2023 cada trabajador acumula una p\u00e9rdida de $1,7 millones.<\/strong><\/p>\n","protected":false},"excerpt":{"rendered":"<p>Un informe realizado por el Mirador de Actualidad del Trabajo y la Econom\u00eda (MATE) detall\u00f3 que los salarios y las jubilaciones, al mes de septiembre, \u201cno logran recuperar nada de lo perdido\u201d desde el inicio del gobierno de\u00a0Javier Milei, en diciembre del 2023. El informe del\u00a0MATE\u00a0sostiene que la\u00a0inflaci\u00f3n\u00a0\u201clleva casi cinco meses al alza\u201d, siendo la [&hellip;]<\/p>\n","protected":false},"author":3,"featured_media":116729,"comment_status":"open","ping_status":"open","sticky":false,"template":"","format":"standard","meta":{"footnotes":""},"categories":[7],"tags":[],"class_list":{"0":"post-116728","1":"post","2":"type-post","3":"status-publish","4":"format-standard","5":"has-post-thumbnail","7":"category-nac"},"_links":{"self":[{"href":"https:\/\/primicias2262.com\/noticias\/wp-json\/wp\/v2\/posts\/116728","targetHints":{"allow":["GET"]}}],"collection":[{"href":"https:\/\/primicias2262.com\/noticias\/wp-json\/wp\/v2\/posts"}],"about":[{"href":"https:\/\/primicias2262.com\/noticias\/wp-json\/wp\/v2\/types\/post"}],"author":[{"embeddable":true,"href":"https:\/\/primicias2262.com\/noticias\/wp-json\/wp\/v2\/users\/3"}],"replies":[{"embeddable":true,"href":"https:\/\/primicias2262.com\/noticias\/wp-json\/wp\/v2\/comments?post=116728"}],"version-history":[{"count":1,"href":"https:\/\/primicias2262.com\/noticias\/wp-json\/wp\/v2\/posts\/116728\/revisions"}],"predecessor-version":[{"id":116730,"href":"https:\/\/primicias2262.com\/noticias\/wp-json\/wp\/v2\/posts\/116728\/revisions\/116730"}],"wp:featuredmedia":[{"embeddable":true,"href":"https:\/\/primicias2262.com\/noticias\/wp-json\/wp\/v2\/media\/116729"}],"wp:attachment":[{"href":"https:\/\/primicias2262.com\/noticias\/wp-json\/wp\/v2\/media?parent=116728"}],"wp:term":[{"taxonomy":"category","embeddable":true,"href":"https:\/\/primicias2262.com\/noticias\/wp-json\/wp\/v2\/categories?post=116728"},{"taxonomy":"post_tag","embeddable":true,"href":"https:\/\/primicias2262.com\/noticias\/wp-json\/wp\/v2\/tags?post=116728"}],"curies":[{"name":"wp","href":"https:\/\/api.w.org\/{rel}","templated":true}]}}