{"id":116731,"date":"2025-10-08T00:09:22","date_gmt":"2025-10-08T00:09:22","guid":{"rendered":"https:\/\/primicias2262.com\/noticias\/?p=116731"},"modified":"2025-10-08T00:09:22","modified_gmt":"2025-10-08T00:09:22","slug":"preocupacion-en-boca-el-plantel-entrena-con-animo-bajo-por-la-salud-de-miguel-angel-russo","status":"publish","type":"post","link":"https:\/\/primicias2262.com\/noticias\/preocupacion-en-boca-el-plantel-entrena-con-animo-bajo-por-la-salud-de-miguel-angel-russo\/","title":{"rendered":"Preocupaci\u00f3n en Boca: el plantel entrena con \u00e1nimo bajo por la salud de Miguel \u00c1ngel Russo"},"content":{"rendered":"<div class=\"article-body\" data-tadevel-template=\"web\/article-body\">\n<div class=\"article-body-content\">\n<p><strong>El plantel de Boca se entren\u00f3 este martes en el predio de Ezeiza<\/strong>\u00a0con el \u00e1nimo alica\u00eddo debido a la\u00a0<strong>delicada situaci\u00f3n de salud<\/strong>\u00a0que atraviesa su entrenador,\u00a0<strong>Miguel \u00c1ngel Russo<\/strong>\u00a0(69 a\u00f1os), quien se encuentra en reposo domiciliario con pron\u00f3stico reservado.<\/p>\n<p><strong>La pr\u00e1ctica fue encabezada por el ayudante de campo, Claudio \u00dabeda<\/strong>, quien junto al resto del cuerpo t\u00e9cnico visit\u00f3 el domicilio de Russo durante este lunes.<\/p>\n<p>Ante la preocupaci\u00f3n p\u00fablica,\u00a0<strong>el club difundi\u00f3 un comunicado oficial<\/strong>\u00a0en el que detall\u00f3:\u00a0<strong>\u00abEl Club Atl\u00e9tico Boca Juniors informa que Miguel \u00c1ngel Russo se encuentra cursando una internaci\u00f3n domiciliaria con pron\u00f3stico reservado, recibiendo atenci\u00f3n permanente de su equipo m\u00e9dico<\/strong>\u00a0y del cuerpo m\u00e9dico del Club. Acompa\u00f1amos a Miguel y su familia en este momento\u00bb, inform\u00f3 la instituci\u00f3n.<\/p>\n<p><strong>El DT est\u00e1 de licencia m\u00e9dica desde fines de septiembre<\/strong>\u00a0<strong>y en el \u00faltimo mes fue hospitalizado en tres ocasiones<\/strong>\u00a0por complicaciones de salud. Su \u00faltimo partido al frente del equipo fue el empate 2-2 ante Central C\u00f3rdoba de Santiago del Estero, en La Bombonera.<\/p>\n<p>Pese al clima de preocupaci\u00f3n, la pr\u00e1ctica en el complejo deportivo de Ezeiza registr\u00f3 novedades en cuanto a la conformaci\u00f3n del plantel ya que se sumaron al grupo el chileno Carlos Palacios y el delantero uruguayo Edinson Cavani, ambos restablecidos de sus respectivas lesiones<\/p>\n<p>El mediocampista espa\u00f1ol Ander Herrera se perfila como el reemplazante de Leandro Paredes, quien est\u00e1 con la Selecci\u00f3n Argentina para los partidos amistosos en Estados Unidos (contra Venezuela en Miami y Puerto Rico en Chicago).<\/p>\n<p>Boca Juniors se prepara para enfrentar de visitante a Barracas Central el pr\u00f3ximo s\u00e1bado 11 de octubre, a las 14:30, y la probable formaci\u00f3n ser\u00eda con: Agust\u00edn Marches\u00edn; Juan Barinaga, Lautaro Di Lollo, Ayrton Costa, Lautaro Blanco; Brian Aguirre, Ander Herrera, Rodrigo Battaglia, Alan Velasco; Milton Gim\u00e9nez y Miguel Merentiel.<\/p>\n<\/div>\n<\/div>\n","protected":false},"excerpt":{"rendered":"<p>El plantel de Boca se entren\u00f3 este martes en el predio de Ezeiza\u00a0con el \u00e1nimo alica\u00eddo debido a la\u00a0delicada situaci\u00f3n de salud\u00a0que atraviesa su entrenador,\u00a0Miguel \u00c1ngel Russo\u00a0(69 a\u00f1os), quien se encuentra en reposo domiciliario con pron\u00f3stico reservado. La pr\u00e1ctica fue encabezada por el ayudante de campo, Claudio \u00dabeda, quien junto al resto del cuerpo t\u00e9cnico [&hellip;]<\/p>\n","protected":false},"author":3,"featured_media":116074,"comment_status":"open","ping_status":"open","sticky":false,"template":"","format":"standard","meta":{"footnotes":""},"categories":[7],"tags":[],"class_list":{"0":"post-116731","1":"post","2":"type-post","3":"status-publish","4":"format-standard","5":"has-post-thumbnail","7":"category-nac"},"_links":{"self":[{"href":"https:\/\/primicias2262.com\/noticias\/wp-json\/wp\/v2\/posts\/116731","targetHints":{"allow":["GET"]}}],"collection":[{"href":"https:\/\/primicias2262.com\/noticias\/wp-json\/wp\/v2\/posts"}],"about":[{"href":"https:\/\/primicias2262.com\/noticias\/wp-json\/wp\/v2\/types\/post"}],"author":[{"embeddable":true,"href":"https:\/\/primicias2262.com\/noticias\/wp-json\/wp\/v2\/users\/3"}],"replies":[{"embeddable":true,"href":"https:\/\/primicias2262.com\/noticias\/wp-json\/wp\/v2\/comments?post=116731"}],"version-history":[{"count":1,"href":"https:\/\/primicias2262.com\/noticias\/wp-json\/wp\/v2\/posts\/116731\/revisions"}],"predecessor-version":[{"id":116732,"href":"https:\/\/primicias2262.com\/noticias\/wp-json\/wp\/v2\/posts\/116731\/revisions\/116732"}],"wp:featuredmedia":[{"embeddable":true,"href":"https:\/\/primicias2262.com\/noticias\/wp-json\/wp\/v2\/media\/116074"}],"wp:attachment":[{"href":"https:\/\/primicias2262.com\/noticias\/wp-json\/wp\/v2\/media?parent=116731"}],"wp:term":[{"taxonomy":"category","embeddable":true,"href":"https:\/\/primicias2262.com\/noticias\/wp-json\/wp\/v2\/categories?post=116731"},{"taxonomy":"post_tag","embeddable":true,"href":"https:\/\/primicias2262.com\/noticias\/wp-json\/wp\/v2\/tags?post=116731"}],"curies":[{"name":"wp","href":"https:\/\/api.w.org\/{rel}","templated":true}]}}