{"id":116748,"date":"2025-10-08T20:50:53","date_gmt":"2025-10-08T20:50:53","guid":{"rendered":"https:\/\/primicias2262.com\/noticias\/?p=116748"},"modified":"2025-10-08T20:50:53","modified_gmt":"2025-10-08T20:50:53","slug":"la-actividad-de-la-construccion-crecio-05-en-agosto","status":"publish","type":"post","link":"https:\/\/primicias2262.com\/noticias\/la-actividad-de-la-construccion-crecio-05-en-agosto\/","title":{"rendered":"La actividad de la construcci\u00f3n creci\u00f3 0,5% en agosto"},"content":{"rendered":"<div class=\"article-body\" data-tadevel-template=\"web\/article-body\">\n<div class=\"article-body-content\">\n<p>La actividad de la construcci\u00f3n registr\u00f3 en agosto una variaci\u00f3n positiva de 0,5% respecto al mes anterior, inform\u00f3 hoy el Instituto Nacional de Estad\u00edstica y Censos (Indec).<\/p>\n<p>El indicador sint\u00e9tico de la actividad de la construcci\u00f3n (ISAC) arroj\u00f3 una suba de 0,4% respecto a igual mes de 2024. El acumulado de los ocho primeros meses de 2025 del \u00edndice present\u00f3 un aumento de 8% respecto a igual per\u00edodo de 2024.<\/p>\n<p>A lo largo del a\u00f1o, el indicador tuvo mes a mes subas y bajas. En abril alcanz\u00f3 un pico con un crecimiento de 5,1%.<\/p>\n<p>En cuanto al consumo de insumos para la construccio\u0301n, en agosto, con relacio\u0301n a igual mes del an\u0303o anterior, se registraron subas de 61,0% en asfalto; 32,3% en mosaicos grani\u0301ticos y calca\u0301reos; 22,5% en hormigo\u0301n elaborado; 21,2% en arti\u0301culos sanitarios de cera\u0301mica; 7,1% en el resto de los insumos (incluye griferi\u0301a, tubos de acero sin costura y vidrio para construccio\u0301n); y 1,5% en hierro redondo y aceros para la construccio\u0301n.<\/p>\n<p>Se observaron bajas de 14,7% en ladrillos huecos; 11,5% en placas de yeso; 9,5% en cales; 8,0% en yeso; 4,5% en pisos y revestimientos cera\u0301micos; 0,4% en cemento portland; y 0,2% en pinturas para construccio\u0301n.<\/p>\n<p>Como complemento de los datos del ISAC, se publica informacio\u0301n sobre los puestos de trabajo registrados en la actividad de la construccio\u0301n en el sector privado. La informacio\u0301n se refiere a puestos de trabajo sobre los que se efectu\u0301an aportes y contribuciones al sistema previsional.<\/p>\n<p>En julio de 2025 este indicador registro\u0301 una suba de 4,6% con respecto al mismo mes del an\u0303o anterior. En el acumulado enero-julio de 2025, este indicador presento\u0301 una baja de 0,6% con respecto al mismo peri\u0301odo del an\u0303o anterior.<\/p>\n<p>La superficie a construir, autorizada por los permisos de edificacio\u0301n otorgados para la ejecucio\u0301n de obras privadas en una no\u0301mina representativa de 246 municipios, registro\u0301 en julio de 2025 una suba de 5,0% con respecto al mismo mes del an\u0303o anterior.<\/p>\n<p>Las grandes empresas del sector, relevadas por el Indec, muestran expectativas desfavorables con respecto al nivel de actividad esperado para el peri\u0301odo septiembre-noviembre de 2025.<\/p>\n<p>El 64,9% de las empresas que realizan principalmente obras privadas preve\u0301 que el nivel de actividad del sector no cambiara\u0301 durante los pro\u0301ximos tres meses, mientras que 27,7% estima que disminuira\u0301 y 7,4%, que aumentara\u0301. Entre las empresas dedicadas fundamentalmente a la obra pu\u0301blica, 60,0% opina que el nivel de actividad no cambiara\u0301 durante el peri\u0301odo septiembre-noviembre de 2025, mientras que 28,9% cree que disminuira\u0301 y 11,1%, que aumentara\u0301.<\/p>\n<p>A la hora de identificar las poli\u0301ticas que incentivari\u0301an al sector, las empresas que realizan principalmente obras privadas sen\u0303alan las poli\u0301ticas destinadas a las cargas fiscales (27,7%) y las destinadas a la estabilidad de los precios (21,4%), entre otras. Los empresarios de la construccio\u0301n que realizan principalmente obras pu\u0301blicas se inclinan por poli\u0301ticas destinadas a los cre\u0301ditos de la construccio\u0301n (23,9%) y las destinadas a las cargas fiscales (20,9%), entre otras.<\/p>\n<\/div>\n<\/div>\n","protected":false},"excerpt":{"rendered":"<p>La actividad de la construcci\u00f3n registr\u00f3 en agosto una variaci\u00f3n positiva de 0,5% respecto al mes anterior, inform\u00f3 hoy el Instituto Nacional de Estad\u00edstica y Censos (Indec). El indicador sint\u00e9tico de la actividad de la construcci\u00f3n (ISAC) arroj\u00f3 una suba de 0,4% respecto a igual mes de 2024. El acumulado de los ocho primeros meses [&hellip;]<\/p>\n","protected":false},"author":3,"featured_media":103735,"comment_status":"open","ping_status":"open","sticky":false,"template":"","format":"standard","meta":{"footnotes":""},"categories":[7],"tags":[],"class_list":{"0":"post-116748","1":"post","2":"type-post","3":"status-publish","4":"format-standard","5":"has-post-thumbnail","7":"category-nac"},"_links":{"self":[{"href":"https:\/\/primicias2262.com\/noticias\/wp-json\/wp\/v2\/posts\/116748","targetHints":{"allow":["GET"]}}],"collection":[{"href":"https:\/\/primicias2262.com\/noticias\/wp-json\/wp\/v2\/posts"}],"about":[{"href":"https:\/\/primicias2262.com\/noticias\/wp-json\/wp\/v2\/types\/post"}],"author":[{"embeddable":true,"href":"https:\/\/primicias2262.com\/noticias\/wp-json\/wp\/v2\/users\/3"}],"replies":[{"embeddable":true,"href":"https:\/\/primicias2262.com\/noticias\/wp-json\/wp\/v2\/comments?post=116748"}],"version-history":[{"count":1,"href":"https:\/\/primicias2262.com\/noticias\/wp-json\/wp\/v2\/posts\/116748\/revisions"}],"predecessor-version":[{"id":116749,"href":"https:\/\/primicias2262.com\/noticias\/wp-json\/wp\/v2\/posts\/116748\/revisions\/116749"}],"wp:featuredmedia":[{"embeddable":true,"href":"https:\/\/primicias2262.com\/noticias\/wp-json\/wp\/v2\/media\/103735"}],"wp:attachment":[{"href":"https:\/\/primicias2262.com\/noticias\/wp-json\/wp\/v2\/media?parent=116748"}],"wp:term":[{"taxonomy":"category","embeddable":true,"href":"https:\/\/primicias2262.com\/noticias\/wp-json\/wp\/v2\/categories?post=116748"},{"taxonomy":"post_tag","embeddable":true,"href":"https:\/\/primicias2262.com\/noticias\/wp-json\/wp\/v2\/tags?post=116748"}],"curies":[{"name":"wp","href":"https:\/\/api.w.org\/{rel}","templated":true}]}}