{"id":116753,"date":"2025-10-08T20:58:24","date_gmt":"2025-10-08T20:58:24","guid":{"rendered":"https:\/\/primicias2262.com\/noticias\/?p=116753"},"modified":"2025-10-08T20:58:24","modified_gmt":"2025-10-08T20:58:24","slug":"kicillof-la-unica-novedad-que-trajo-milei-fue-la-crueldad-para-llevar-adelante-su-plan-de-ajuste","status":"publish","type":"post","link":"https:\/\/primicias2262.com\/noticias\/kicillof-la-unica-novedad-que-trajo-milei-fue-la-crueldad-para-llevar-adelante-su-plan-de-ajuste\/","title":{"rendered":"Kicillof: \u201cLa \u00fanica novedad que trajo Milei fue la crueldad para llevar adelante su plan de ajuste\u201d"},"content":{"rendered":"<p>El gobernador bonaerense<strong>\u00a0Axel Kicillof<\/strong>\u00a0asegur\u00f3 este mi\u00e9rcoles durante un acto en Olavarr\u00eda que la \u201c\u00fanica novedad\u201d que trajo el gobierno de\u00a0<strong>Javier Milei<\/strong>\u00a0fue la \u201ccrueldad para llevar adelante su plan de ajuste\u201d.<\/p>\n<p>\u201cLa \u00fanica novedad que trajo Milei fue la rabia y la crueldad para llevar adelante su plan de ajuste: en menos de dos a\u00f1os se han perdido m\u00e1s de 200 mil puestos de empleo y se han derrumbado los salarios\u201d, describi\u00f3 Kicillof en una reuni\u00f3n con productores, comerciantes y representantes gremiales.<\/p>\n<p>En esa l\u00ednea, el gobernador sostuvo que el \u201cdesastre\u201d actual de la industria, el comercio, el agro y la miner\u00eda \u201cno es casualidad\u201d, sino el resultado de las pol\u00edticas de un Gobierno nacional que \u201cse propuso destruir la producci\u00f3n y el trabajo\u201d.<\/p>\n<p>\u201cTenemos un Presidente que habla de bonos y t\u00edtulos p\u00fablicos, pero que no se interesa por lo que ocurre en las pymes y en las f\u00e1bricas de nuestro pa\u00eds\u201d, explic\u00f3 Kicillof.<\/p>\n<p>El encuentro se llev\u00f3 a cabo en el Sal\u00f3n Rivadavia del Palacio Municipal y participaron el ministro de Producci\u00f3n, Ciencia e Innovaci\u00f3n Tecnol\u00f3gica,\u00a0<strong>Augusto Costa<\/strong>; y el intendente local,\u00a0<strong>Maximiliano Wesner<\/strong>.<\/p>\n","protected":false},"excerpt":{"rendered":"<p>El gobernador bonaerense\u00a0Axel Kicillof\u00a0asegur\u00f3 este mi\u00e9rcoles durante un acto en Olavarr\u00eda que la \u201c\u00fanica novedad\u201d que trajo el gobierno de\u00a0Javier Milei\u00a0fue la \u201ccrueldad para llevar adelante su plan de ajuste\u201d. \u201cLa \u00fanica novedad que trajo Milei fue la rabia y la crueldad para llevar adelante su plan de ajuste: en menos de dos a\u00f1os se [&hellip;]<\/p>\n","protected":false},"author":3,"featured_media":116754,"comment_status":"open","ping_status":"open","sticky":false,"template":"","format":"standard","meta":{"footnotes":""},"categories":[7],"tags":[],"class_list":{"0":"post-116753","1":"post","2":"type-post","3":"status-publish","4":"format-standard","5":"has-post-thumbnail","7":"category-nac"},"_links":{"self":[{"href":"https:\/\/primicias2262.com\/noticias\/wp-json\/wp\/v2\/posts\/116753","targetHints":{"allow":["GET"]}}],"collection":[{"href":"https:\/\/primicias2262.com\/noticias\/wp-json\/wp\/v2\/posts"}],"about":[{"href":"https:\/\/primicias2262.com\/noticias\/wp-json\/wp\/v2\/types\/post"}],"author":[{"embeddable":true,"href":"https:\/\/primicias2262.com\/noticias\/wp-json\/wp\/v2\/users\/3"}],"replies":[{"embeddable":true,"href":"https:\/\/primicias2262.com\/noticias\/wp-json\/wp\/v2\/comments?post=116753"}],"version-history":[{"count":1,"href":"https:\/\/primicias2262.com\/noticias\/wp-json\/wp\/v2\/posts\/116753\/revisions"}],"predecessor-version":[{"id":116755,"href":"https:\/\/primicias2262.com\/noticias\/wp-json\/wp\/v2\/posts\/116753\/revisions\/116755"}],"wp:featuredmedia":[{"embeddable":true,"href":"https:\/\/primicias2262.com\/noticias\/wp-json\/wp\/v2\/media\/116754"}],"wp:attachment":[{"href":"https:\/\/primicias2262.com\/noticias\/wp-json\/wp\/v2\/media?parent=116753"}],"wp:term":[{"taxonomy":"category","embeddable":true,"href":"https:\/\/primicias2262.com\/noticias\/wp-json\/wp\/v2\/categories?post=116753"},{"taxonomy":"post_tag","embeddable":true,"href":"https:\/\/primicias2262.com\/noticias\/wp-json\/wp\/v2\/tags?post=116753"}],"curies":[{"name":"wp","href":"https:\/\/api.w.org\/{rel}","templated":true}]}}