{"id":116759,"date":"2025-10-08T04:07:28","date_gmt":"2025-10-08T04:07:28","guid":{"rendered":"https:\/\/primicias2262.com\/noticias\/?p=116759"},"modified":"2025-10-09T16:17:54","modified_gmt":"2025-10-09T16:17:54","slug":"las-plazas-tematicas-con-sus-atracciones-un-rasgo-distintivo-de-los-festejos-por-el-aniversario-local","status":"publish","type":"post","link":"https:\/\/primicias2262.com\/noticias\/las-plazas-tematicas-con-sus-atracciones-un-rasgo-distintivo-de-los-festejos-por-el-aniversario-local\/","title":{"rendered":"Las plazas tem\u00e1ticas con sus atracciones, un rasgo distintivo de los festejos por el aniversario local"},"content":{"rendered":"<p><strong>Necochea estar\u00e1 de fiesta desde el venidero viernes al domingo con motivo de cumplirse los 144 a\u00f1os de su fundaci\u00f3n y cada manzana de la Plaza Dardo Rocha tendr\u00e1 una particularidad.<\/strong><\/p>\n<p>Una de las atracciones de esta edici\u00f3n del festejo del aniversario local ser\u00e1 que cada una de las manzanas que conforman la Plaza Dardo Rocha, responder\u00e1n a tem\u00e1ticas diferentes. La propuesta busca ordenar la circulaci\u00f3n y optimizar la experiencia de quienes se acerquen a participar de los festejos por los 144 a\u00f1os de Necochea, desde este viernes 10 al domingo 12.<\/p>\n<p><strong>As\u00ed, la plaza estar\u00e1 dividida en:<\/strong><\/p>\n<p><strong><u>Plaza del folclore:<\/u><\/strong>\u00a0(espacio donde est\u00e1 el monumento del Centenario). Gran Pe\u00f1a Aniversario. Dedicada a nuestras tradiciones aut\u00f3ctonas. Se destacar\u00e1 por la presentaci\u00f3n de las agrupaciones folcl\u00f3ricas con sus bailes como as\u00ed tambi\u00e9n cantantes del mismo g\u00e9nero. Este sector de la plaza ser\u00e1 ambientando, por lo que tambi\u00e9n habr\u00e1 emprendedores con productos vinculados a la tem\u00e1tica (vestimenta gaucha, mates, cuchillos, etc.).<\/p>\n<p><strong><u>Plaza de juegos y deportes<\/u><\/strong><strong>:<\/strong>\u00a0(frente a la iglesia Santa Mar\u00eda del Carmen). Destinada a juegos para ni\u00f1os organizados por el \u00e1rea de deportes municipal. All\u00ed tambi\u00e9n habr\u00e1 inflables, y en un momento de la tarde se realizar\u00e1 una suelta de plantines brindados por el vivero municipal.<\/p>\n<p><strong><u>Plaza de la cultura<\/u><\/strong><strong>:<\/strong><strong>\u00a0<\/strong>(frente a la EP N\u00b02). Enfocada en actividades culturales, se dispondr\u00e1n diferentes talleres para el disfrute de los m\u00e1s peque\u00f1os a cargo de la Secretar\u00eda de Desarrollo Humano y Pol\u00edticas Sociales de la Municipalidad de Necochea. All\u00ed se desplegar\u00e1 Barrio Cultura, los espect\u00e1culos para las infancias, m\u00fasica en vivo del \u00e1rea de Juventud, y desde donde partir\u00e1 la\u00a0presentaci\u00f3n del Festival Infantil 2026 a cargo de la Direcci\u00f3n de Cultura.<\/p>\n<p><strong><u>Plaza tur\u00edstica<\/u><\/strong><strong>:<\/strong>\u00a0(frente al Palacio Municipal). Espacio dedicado a la parte tur\u00edstica y ubicaci\u00f3n del escenario principal. Aqu\u00ed se destaca la propuesta de astroturismo con espect\u00e1culos vinculados a la tem\u00e1tica y la presencia de un telescopio gigante para observar el cielo de Necochea. En los gazebos habr\u00e1 juegos con premios, y carteles de \u201cYo amo Necochea\u201d, \u201cYo amo Quequ\u00e9n\u201d para selfies.<\/p>\n<p>&nbsp;<\/p>\n","protected":false},"excerpt":{"rendered":"<p>Necochea estar\u00e1 de fiesta desde el venidero viernes al domingo con motivo de cumplirse los 144 a\u00f1os de su fundaci\u00f3n y cada manzana de la Plaza Dardo Rocha tendr\u00e1 una particularidad. Una de las atracciones de esta edici\u00f3n del festejo del aniversario local ser\u00e1 que cada una de las manzanas que conforman la Plaza Dardo [&hellip;]<\/p>\n","protected":false},"author":3,"featured_media":116760,"comment_status":"open","ping_status":"open","sticky":false,"template":"","format":"standard","meta":{"footnotes":""},"categories":[5],"tags":[],"class_list":{"0":"post-116759","1":"post","2":"type-post","3":"status-publish","4":"format-standard","5":"has-post-thumbnail","7":"category-neco"},"_links":{"self":[{"href":"https:\/\/primicias2262.com\/noticias\/wp-json\/wp\/v2\/posts\/116759","targetHints":{"allow":["GET"]}}],"collection":[{"href":"https:\/\/primicias2262.com\/noticias\/wp-json\/wp\/v2\/posts"}],"about":[{"href":"https:\/\/primicias2262.com\/noticias\/wp-json\/wp\/v2\/types\/post"}],"author":[{"embeddable":true,"href":"https:\/\/primicias2262.com\/noticias\/wp-json\/wp\/v2\/users\/3"}],"replies":[{"embeddable":true,"href":"https:\/\/primicias2262.com\/noticias\/wp-json\/wp\/v2\/comments?post=116759"}],"version-history":[{"count":1,"href":"https:\/\/primicias2262.com\/noticias\/wp-json\/wp\/v2\/posts\/116759\/revisions"}],"predecessor-version":[{"id":116761,"href":"https:\/\/primicias2262.com\/noticias\/wp-json\/wp\/v2\/posts\/116759\/revisions\/116761"}],"wp:featuredmedia":[{"embeddable":true,"href":"https:\/\/primicias2262.com\/noticias\/wp-json\/wp\/v2\/media\/116760"}],"wp:attachment":[{"href":"https:\/\/primicias2262.com\/noticias\/wp-json\/wp\/v2\/media?parent=116759"}],"wp:term":[{"taxonomy":"category","embeddable":true,"href":"https:\/\/primicias2262.com\/noticias\/wp-json\/wp\/v2\/categories?post=116759"},{"taxonomy":"post_tag","embeddable":true,"href":"https:\/\/primicias2262.com\/noticias\/wp-json\/wp\/v2\/tags?post=116759"}],"curies":[{"name":"wp","href":"https:\/\/api.w.org\/{rel}","templated":true}]}}