{"id":116780,"date":"2025-10-09T18:29:40","date_gmt":"2025-10-09T18:29:40","guid":{"rendered":"https:\/\/primicias2262.com\/noticias\/?p=116780"},"modified":"2025-10-09T18:29:40","modified_gmt":"2025-10-09T18:29:40","slug":"francos-cargo-contra-santiago-caputo-y-reavivo-la-interna-libertaria-es-bueno-que-asuman-responsabilidades","status":"publish","type":"post","link":"https:\/\/primicias2262.com\/noticias\/francos-cargo-contra-santiago-caputo-y-reavivo-la-interna-libertaria-es-bueno-que-asuman-responsabilidades\/","title":{"rendered":"Francos carg\u00f3 contra Santiago Caputo y reaviv\u00f3 la interna libertaria: \u201cEs bueno que asuman responsabilidades\u00bb"},"content":{"rendered":"<div class=\"article-body\" data-tadevel-template=\"web\/article-body\">\n<div class=\"article-body-content\">\n<p>El jefe de Gabinete,\u00a0<strong>Guillermo Francos<\/strong>, se expidi\u00f3 sobre el rol del asesor presidencial,\u00a0<strong>Santiago Caputo<\/strong>, que cuenta con un contrato de monotributo por 1109, y admiti\u00f3 que el caso que rodea al diputado\u00a0<strong>Jos\u00e9 Luis Espert \u201cda\u00f1o\u201d a La Libertad Avanza.\u00a0<\/strong><\/p>\n<p>\u201c<strong>El Presidente tendr\u00e1 que analizar y resolver, ver qu\u00e9 rol juega cada uno.\u00a0<\/strong>Hay actores del Gabinete o del equipo de gobierno que no est\u00e1n en el Gabinete que<strong>\u00a0no tienen responsabilidad de gesti\u00f3n y por ah\u00ed est\u00e1n tomando decisiones<\/strong>\u201d, sostuvo en declaraciones radiales.<\/p>\n<p>En la misma l\u00ednea, se\u00f1al\u00f3: \u201c<strong>En toda gesti\u00f3n hay gente que trabaja pero no tiene responsabilidad.<\/strong>\u00a0Viste que hay algunos que firmamos soluciones, decretos, proyectos de ley, y hay otros que asesoran pero que no tienen esa responsabilidad\u201d.<\/p>\n<p><strong>\u201cA mi me parece que dirigentes que est\u00e1n participando del gobierno asuman responsabilidades, es bueno\u201d,<\/strong>\u00a0sostuvo al tiempo que pidi\u00f3 que el mandatario fije \u201cresponsabilidades claras\u201d entre los integrantes de su equipo.<\/p>\n<p>Tras la sesi\u00f3n en la C\u00e1mara de Diputados del pasado mi\u00e9rcoles, el ministro coordinador le atribuy\u00f3 al ministro del Interior,\u00a0<strong>Lisandro Catal\u00e1n<\/strong>, la negociaci\u00f3n con los gobernadores que le permiti\u00f3 al bloque oficialista ganar tiempo legislativo luego de que el proyecto que regula los DNU volviera al Senado tras perder la mayor\u00eda en el art\u00edculo 3.\u00a0<strong>\u201cLo que pas\u00f3 en la sesi\u00f3n de ayer, el acuerdo que se hizo con los gobernadores fue generado por el ministro de Interior\u00bb,<\/strong>\u00a0sostuvo.<\/p>\n<p>\u201cYo mismo hable con gobernadores para apoyarlo a Lisandro Catal\u00e1n, que habl\u00f3 con todos los gobernadores, con los cuales podemos contar con los votos.\u00a0<strong>De manera que yo tampoco es que los considero como un gran \u00e9xito<\/strong>\u201d, remarc\u00f3.<\/p>\n<p>Sin embargo, luego del operativo clamar que se impuso en redes sociales para atribuirle a Santiago Caputo el \u201c\u00e9xito\u201d de la sesi\u00f3n, Francos afirm\u00f3:\u00a0<strong>\u201cHay algunos que tienen operadores \u00a0en redes que pueden generar esto y que despu\u00e9s se multiplican<\/strong>. \u00bfVieron que yo no hago ning\u00fan operativo clamor? \u201d.<\/p>\n<h3>El \u201cda\u00f1o\u201d de Espert<\/h3>\n<p>En otro pasaje de la entrevista, Francos admiti\u00f3 que la pol\u00e9mica abierta con el diputado libertario Jos\u00e9 Luis Espert \u201cda\u00f1\u00f3\u201d la imagen del Gobierno y afirm\u00f3 que el legislador cometi\u00f3 varios errores en su comunicaci\u00f3n. \u201c<strong>Siento que nos da\u00f1\u00f3, sin duda.\u00a0<\/strong>El Presidente, como lo expres\u00f3 p\u00fablicamente, ten\u00eda y tiene confianza en el diputado Espert, pero bueno,\u00a0<strong>cuando se plantea una situaci\u00f3n como esta, uno tiene que analizar las consecuencias pol\u00edtica<\/strong>\u201d, sentenci\u00f3.<\/p>\n<p>\u201cNo es que estamos considerando cualquier tema, estamos considerando c\u00f3mo se compone nuestro bloque parlamentario en el pr\u00f3ximo periodo, en los pr\u00f3ximos dos a\u00f1os. Entonces uno ah\u00ed tiene que evaluar, m\u00e1s all\u00e1 de la inocencia que uno pueda suponer del diputado Espert, el cometi\u00f3 muchos errores a lo largo del camino,\u00a0<strong>de estos \u00faltimos d\u00edas dijo cosas que no se sosten\u00edan en los hechos, y eso necesariamente tiene que culminar en una renuncia a la banca\u201d<\/strong>, desarroll\u00f3.<\/p>\n<p>Por \u00faltimo, plante\u00f3 que \u201cEspert cometi\u00f3 varios errores en su comunicaci\u00f3n de los hechos\u201d, y admiti\u00f3 que\u00a0<strong>\u201cno ten\u00eda perfil para encabezar una lista de la provincia\u201d<\/strong>. \u201cHay gente que tiene a veces el perfil adecuado y hay otros que no lo tienen, por m\u00e1s que t\u00e9cnicamente puedan ser buenos\u201d, afirm\u00f3<\/p>\n<p><strong>\u201cUn cabeza de lista tiene que tener caracter\u00edsticas de empat\u00eda, de atracci\u00f3n, de cierto atractivo personal hacia la gente, y Jos\u00e9 Luis es un tipo muy r\u00edgido en su posici\u00f3n\u201d,\u00a0<\/strong>concluy\u00f3.<\/p>\n<\/div>\n<\/div>\n","protected":false},"excerpt":{"rendered":"<p>El jefe de Gabinete,\u00a0Guillermo Francos, se expidi\u00f3 sobre el rol del asesor presidencial,\u00a0Santiago Caputo, que cuenta con un contrato de monotributo por 1109, y admiti\u00f3 que el caso que rodea al diputado\u00a0Jos\u00e9 Luis Espert \u201cda\u00f1o\u201d a La Libertad Avanza.\u00a0 \u201cEl Presidente tendr\u00e1 que analizar y resolver, ver qu\u00e9 rol juega cada uno.\u00a0Hay actores del Gabinete [&hellip;]<\/p>\n","protected":false},"author":3,"featured_media":115893,"comment_status":"open","ping_status":"open","sticky":false,"template":"","format":"standard","meta":{"footnotes":""},"categories":[7],"tags":[],"class_list":{"0":"post-116780","1":"post","2":"type-post","3":"status-publish","4":"format-standard","5":"has-post-thumbnail","7":"category-nac"},"_links":{"self":[{"href":"https:\/\/primicias2262.com\/noticias\/wp-json\/wp\/v2\/posts\/116780","targetHints":{"allow":["GET"]}}],"collection":[{"href":"https:\/\/primicias2262.com\/noticias\/wp-json\/wp\/v2\/posts"}],"about":[{"href":"https:\/\/primicias2262.com\/noticias\/wp-json\/wp\/v2\/types\/post"}],"author":[{"embeddable":true,"href":"https:\/\/primicias2262.com\/noticias\/wp-json\/wp\/v2\/users\/3"}],"replies":[{"embeddable":true,"href":"https:\/\/primicias2262.com\/noticias\/wp-json\/wp\/v2\/comments?post=116780"}],"version-history":[{"count":1,"href":"https:\/\/primicias2262.com\/noticias\/wp-json\/wp\/v2\/posts\/116780\/revisions"}],"predecessor-version":[{"id":116781,"href":"https:\/\/primicias2262.com\/noticias\/wp-json\/wp\/v2\/posts\/116780\/revisions\/116781"}],"wp:featuredmedia":[{"embeddable":true,"href":"https:\/\/primicias2262.com\/noticias\/wp-json\/wp\/v2\/media\/115893"}],"wp:attachment":[{"href":"https:\/\/primicias2262.com\/noticias\/wp-json\/wp\/v2\/media?parent=116780"}],"wp:term":[{"taxonomy":"category","embeddable":true,"href":"https:\/\/primicias2262.com\/noticias\/wp-json\/wp\/v2\/categories?post=116780"},{"taxonomy":"post_tag","embeddable":true,"href":"https:\/\/primicias2262.com\/noticias\/wp-json\/wp\/v2\/tags?post=116780"}],"curies":[{"name":"wp","href":"https:\/\/api.w.org\/{rel}","templated":true}]}}