{"id":116785,"date":"2025-10-09T18:36:27","date_gmt":"2025-10-09T18:36:27","guid":{"rendered":"https:\/\/primicias2262.com\/noticias\/?p=116785"},"modified":"2025-10-09T18:36:27","modified_gmt":"2025-10-09T18:36:27","slug":"crimenes-de-lara-brenda-y-morena-pequeno-j-entro-al-pais-a-fines-de-agosto-desde-uruguay","status":"publish","type":"post","link":"https:\/\/primicias2262.com\/noticias\/crimenes-de-lara-brenda-y-morena-pequeno-j-entro-al-pais-a-fines-de-agosto-desde-uruguay\/","title":{"rendered":"Cr\u00edmenes de Lara, Brenda y Morena: Peque\u00f1o J entr\u00f3 al pa\u00eds a fines de agosto desde Uruguay"},"content":{"rendered":"<p>Tony Janzen Valverde Victoriano, m\u00e1s conocido como Peque\u00f1o J, quien espera a ser extraditado desde Per\u00fa para ser juzgado en el caso por el triple crimen narco en Florencio Varela,\u00a0<strong>ingres\u00f3 al pa\u00eds el pasado 28 de agosto por la tarde y viaj\u00f3, junto con otras dos personas, en Buquebus desde Uruguay.<\/strong><\/p>\n<p><strong>\u201cSe visualizan tres Individuos masculinos caminar sobre la vereda de la Avenida Ant\u00e1rtida Argentina, en direcci\u00f3n al ingreso de la mencionada playa de estacionamiento, quienes ser\u00e1n identificados como NN1, NN2 y NN3\u201d<\/strong>, detalla el informe al que accedi\u00f3 la\u00a0<i>agencia Noticias Argentinas.<\/i><\/p>\n<div class=\"article-body\" data-tadevel-template=\"web\/article-body\">\n<div class=\"article-body-content\">\n<p>Ahora, los investigadores tratan de saber\u00a0<strong>qui\u00e9nes son las dos personas que lo acompa\u00f1aban\u00a0<\/strong>para constatar si est\u00e1n vinculados a los asesinatos de Brenda Del Castillo, Morena Verdi y Lara Guti\u00e9rrez.<\/p>\n<p>En las \u00faltimas horas la Polic\u00eda de la provincia de Buenos Aires\u00a0<strong>identific\u00f3 a dos pr\u00f3fugos.\u00a0<\/strong>Los acusados fueron identificados como\u00a0<strong>Alex Roger Ydone Castillo\u00a0<\/strong>y<strong>\u00a0David Gustavo Morales Huamani, conocido como \u201cEl Loco David\u201d o \u201cTarta\u201d.<\/strong><\/p>\n<p>Adem\u00e1s,<strong>\u00a0buscan a Manuel\u00a0David Valverde Rodr\u00edguez, t\u00edo de Peque\u00f1o J.\u00a0<\/strong>El sujeto fue identificado por Celeste Guerrero, una de las detenidas que rompi\u00f3 el pacto de silencio.<\/p>\n<\/div>\n<\/div>\n","protected":false},"excerpt":{"rendered":"<p>Tony Janzen Valverde Victoriano, m\u00e1s conocido como Peque\u00f1o J, quien espera a ser extraditado desde Per\u00fa para ser juzgado en el caso por el triple crimen narco en Florencio Varela,\u00a0ingres\u00f3 al pa\u00eds el pasado 28 de agosto por la tarde y viaj\u00f3, junto con otras dos personas, en Buquebus desde Uruguay. \u201cSe visualizan tres Individuos [&hellip;]<\/p>\n","protected":false},"author":3,"featured_media":116675,"comment_status":"open","ping_status":"open","sticky":false,"template":"","format":"standard","meta":{"footnotes":""},"categories":[7],"tags":[],"class_list":{"0":"post-116785","1":"post","2":"type-post","3":"status-publish","4":"format-standard","5":"has-post-thumbnail","7":"category-nac"},"_links":{"self":[{"href":"https:\/\/primicias2262.com\/noticias\/wp-json\/wp\/v2\/posts\/116785","targetHints":{"allow":["GET"]}}],"collection":[{"href":"https:\/\/primicias2262.com\/noticias\/wp-json\/wp\/v2\/posts"}],"about":[{"href":"https:\/\/primicias2262.com\/noticias\/wp-json\/wp\/v2\/types\/post"}],"author":[{"embeddable":true,"href":"https:\/\/primicias2262.com\/noticias\/wp-json\/wp\/v2\/users\/3"}],"replies":[{"embeddable":true,"href":"https:\/\/primicias2262.com\/noticias\/wp-json\/wp\/v2\/comments?post=116785"}],"version-history":[{"count":1,"href":"https:\/\/primicias2262.com\/noticias\/wp-json\/wp\/v2\/posts\/116785\/revisions"}],"predecessor-version":[{"id":116786,"href":"https:\/\/primicias2262.com\/noticias\/wp-json\/wp\/v2\/posts\/116785\/revisions\/116786"}],"wp:featuredmedia":[{"embeddable":true,"href":"https:\/\/primicias2262.com\/noticias\/wp-json\/wp\/v2\/media\/116675"}],"wp:attachment":[{"href":"https:\/\/primicias2262.com\/noticias\/wp-json\/wp\/v2\/media?parent=116785"}],"wp:term":[{"taxonomy":"category","embeddable":true,"href":"https:\/\/primicias2262.com\/noticias\/wp-json\/wp\/v2\/categories?post=116785"},{"taxonomy":"post_tag","embeddable":true,"href":"https:\/\/primicias2262.com\/noticias\/wp-json\/wp\/v2\/tags?post=116785"}],"curies":[{"name":"wp","href":"https:\/\/api.w.org\/{rel}","templated":true}]}}