{"id":116787,"date":"2025-10-09T18:38:24","date_gmt":"2025-10-09T18:38:24","guid":{"rendered":"https:\/\/primicias2262.com\/noticias\/?p=116787"},"modified":"2025-10-09T18:38:24","modified_gmt":"2025-10-09T18:38:24","slug":"la-libertad-avanza-apelo-la-decision-de-ramos-padilla-y-resuelve-la-camara-electoral","status":"publish","type":"post","link":"https:\/\/primicias2262.com\/noticias\/la-libertad-avanza-apelo-la-decision-de-ramos-padilla-y-resuelve-la-camara-electoral\/","title":{"rendered":"La Libertad Avanza apel\u00f3 la decisi\u00f3n de Ramos Padilla y resuelve la C\u00e1mara electoral"},"content":{"rendered":"<div class=\"article-body\" data-tadevel-template=\"web\/article-body\">\n<div class=\"article-body-content\">\n<p><strong>Los apoderados de La Libertad Avanza apelaron hoy la decisi\u00f3n del juez federal con competencia electoral de La Plata, Alejo Ramos Padilla<\/strong>, que el mi\u00e9rcoles le neg\u00f3 el primer lugar en la boleta electoral para diputados bonaerenses a\u00a0<strong>Diego Santilli\u00a0<\/strong>en reemplazo de Jos\u00e9 Luis Espert.<\/p>\n<p>El magistrado ya concedi\u00f3 la apelaci\u00f3n por lo cual el tema ser\u00e1 revisado por la m\u00e1xima autoridad electoral del pa\u00eds, informaron fuentes judiciales.<\/p>\n<p><strong>En el escrito se consider\u00f3 \u00abextremadamente arbitrario\u00bb lo resuelto por Ramos Padilla y se advirti\u00f3 que la sentencia \u00abgenera un profundo da\u00f1o al sistema electoral\u00bb<\/strong>.<\/p>\n<p>\u00abSe incurre en una flagrante violaci\u00f3n a los derechos pol\u00edticos y electorales de los ciudadanos\u00bb, agreg\u00f3 el escrito en relaci\u00f3n a que tras la renuncia de Jos\u00e9 Luis Espert jaqueado por denuncias de v\u00ednculos con un narcotraficante\u00a0 no se acepta que Diego Santilli ocupe el primer lugar en la boleta de candidatos a diputados para las elecciones del 26 de octubre.<\/p>\n<p>Adem\u00e1s, se advierte que Ramos Padilla \u00ababandona el texto de la norma la cual establece un mecanismo constitucional, claro y coherente para determinar los reemplazos de los candidatos a diputados, para fijar como regla una interpretaci\u00f3n forzada y arbitraria de un juez\u00bb.<\/p>\n<\/div>\n<\/div>\n","protected":false},"excerpt":{"rendered":"<p>Los apoderados de La Libertad Avanza apelaron hoy la decisi\u00f3n del juez federal con competencia electoral de La Plata, Alejo Ramos Padilla, que el mi\u00e9rcoles le neg\u00f3 el primer lugar en la boleta electoral para diputados bonaerenses a\u00a0Diego Santilli\u00a0en reemplazo de Jos\u00e9 Luis Espert. El magistrado ya concedi\u00f3 la apelaci\u00f3n por lo cual el tema [&hellip;]<\/p>\n","protected":false},"author":3,"featured_media":116788,"comment_status":"open","ping_status":"open","sticky":false,"template":"","format":"standard","meta":{"footnotes":""},"categories":[7],"tags":[],"class_list":{"0":"post-116787","1":"post","2":"type-post","3":"status-publish","4":"format-standard","5":"has-post-thumbnail","7":"category-nac"},"_links":{"self":[{"href":"https:\/\/primicias2262.com\/noticias\/wp-json\/wp\/v2\/posts\/116787","targetHints":{"allow":["GET"]}}],"collection":[{"href":"https:\/\/primicias2262.com\/noticias\/wp-json\/wp\/v2\/posts"}],"about":[{"href":"https:\/\/primicias2262.com\/noticias\/wp-json\/wp\/v2\/types\/post"}],"author":[{"embeddable":true,"href":"https:\/\/primicias2262.com\/noticias\/wp-json\/wp\/v2\/users\/3"}],"replies":[{"embeddable":true,"href":"https:\/\/primicias2262.com\/noticias\/wp-json\/wp\/v2\/comments?post=116787"}],"version-history":[{"count":1,"href":"https:\/\/primicias2262.com\/noticias\/wp-json\/wp\/v2\/posts\/116787\/revisions"}],"predecessor-version":[{"id":116789,"href":"https:\/\/primicias2262.com\/noticias\/wp-json\/wp\/v2\/posts\/116787\/revisions\/116789"}],"wp:featuredmedia":[{"embeddable":true,"href":"https:\/\/primicias2262.com\/noticias\/wp-json\/wp\/v2\/media\/116788"}],"wp:attachment":[{"href":"https:\/\/primicias2262.com\/noticias\/wp-json\/wp\/v2\/media?parent=116787"}],"wp:term":[{"taxonomy":"category","embeddable":true,"href":"https:\/\/primicias2262.com\/noticias\/wp-json\/wp\/v2\/categories?post=116787"},{"taxonomy":"post_tag","embeddable":true,"href":"https:\/\/primicias2262.com\/noticias\/wp-json\/wp\/v2\/tags?post=116787"}],"curies":[{"name":"wp","href":"https:\/\/api.w.org\/{rel}","templated":true}]}}