{"id":116804,"date":"2025-10-13T19:33:08","date_gmt":"2025-10-13T19:33:08","guid":{"rendered":"https:\/\/primicias2262.com\/noticias\/?p=116804"},"modified":"2025-10-13T19:33:08","modified_gmt":"2025-10-13T19:33:08","slug":"la-emocion-de-la-mama-de-dos-rehenes-argentinos-que-regresan-a-israel","status":"publish","type":"post","link":"https:\/\/primicias2262.com\/noticias\/la-emocion-de-la-mama-de-dos-rehenes-argentinos-que-regresan-a-israel\/","title":{"rendered":"La emoci\u00f3n de la mam\u00e1 de dos rehenes argentinos que regresan a Israel"},"content":{"rendered":"<div class=\"article-body\" data-tadevel-template=\"web\/article-body\">\n<div class=\"article-body-content\">\n<p><strong>Silvia Cunio, mam\u00e1 de Ariel y David,<\/strong>\u00a0argentinos rehenes de Ham\u00e1s que regresaban a Israel, se mostr\u00f3 este lunes reconfortada e, incluso, sorprendida por la liberaci\u00f3n de ambos.<\/p>\n<p><i><strong>\u201cFue algo sorprendente, no me lo esperaba, una emoci\u00f3n muy grande\u201d,\u00a0<\/strong><\/i>coment\u00f3 la mujer, entrevistada a primera hora de hoy por Antonio Fern\u00e1ndez Llorente para su programa \u201cSin Corbata\u201d, que se emite por la Splendid AM 990 y a\u00f1adi\u00f3:\u00a0<i>\u201cNos dijeron que estaban bien, los escuch\u00e9 bien\u201d.<\/i><\/p>\n<p>Luego reflexion\u00f3 acerca de que siempre mantuvo las\u00a0<i><strong>\u201cesperanzas\u201d<\/strong><\/i>\u00a0de volver a verlos, a pesar de que hab\u00edan ca\u00eddo bajo la organizaci\u00f3n armada Ham\u00e1s el 7 de octubre de 2023, tras la violenta incursi\u00f3n que desat\u00f3 una guerra.<\/p>\n<p><i><strong>\u201cLo \u00fanico que escuch\u00e9 fue: no sab\u00e9s lo que pasamos ac\u00e1. Mis hijos son fuertes y siempre tuvieron esperanzas\u201d,<\/strong><\/i>\u00a0insisti\u00f3 la mujer.<\/p>\n<p>Otro testigo -de origen argentino- de la jornada hist\u00f3rica que se viv\u00eda este lunes por la ma\u00f1ana en Israel por la vuelta de los rehenes y la visita del presidente de los Estados Unidos, Donald Trump, expres\u00f3:<i><strong>\u00a0\u201cNo hay que perder de vista que estamos liberando 2.000 terroristas palestinos\u201d.<\/strong><\/i><\/p>\n<\/div>\n<\/div>\n","protected":false},"excerpt":{"rendered":"<p>Silvia Cunio, mam\u00e1 de Ariel y David,\u00a0argentinos rehenes de Ham\u00e1s que regresaban a Israel, se mostr\u00f3 este lunes reconfortada e, incluso, sorprendida por la liberaci\u00f3n de ambos. \u201cFue algo sorprendente, no me lo esperaba, una emoci\u00f3n muy grande\u201d,\u00a0coment\u00f3 la mujer, entrevistada a primera hora de hoy por Antonio Fern\u00e1ndez Llorente para su programa \u201cSin Corbata\u201d, [&hellip;]<\/p>\n","protected":false},"author":3,"featured_media":116805,"comment_status":"open","ping_status":"open","sticky":false,"template":"","format":"standard","meta":{"footnotes":""},"categories":[7],"tags":[],"class_list":{"0":"post-116804","1":"post","2":"type-post","3":"status-publish","4":"format-standard","5":"has-post-thumbnail","7":"category-nac"},"_links":{"self":[{"href":"https:\/\/primicias2262.com\/noticias\/wp-json\/wp\/v2\/posts\/116804","targetHints":{"allow":["GET"]}}],"collection":[{"href":"https:\/\/primicias2262.com\/noticias\/wp-json\/wp\/v2\/posts"}],"about":[{"href":"https:\/\/primicias2262.com\/noticias\/wp-json\/wp\/v2\/types\/post"}],"author":[{"embeddable":true,"href":"https:\/\/primicias2262.com\/noticias\/wp-json\/wp\/v2\/users\/3"}],"replies":[{"embeddable":true,"href":"https:\/\/primicias2262.com\/noticias\/wp-json\/wp\/v2\/comments?post=116804"}],"version-history":[{"count":1,"href":"https:\/\/primicias2262.com\/noticias\/wp-json\/wp\/v2\/posts\/116804\/revisions"}],"predecessor-version":[{"id":116806,"href":"https:\/\/primicias2262.com\/noticias\/wp-json\/wp\/v2\/posts\/116804\/revisions\/116806"}],"wp:featuredmedia":[{"embeddable":true,"href":"https:\/\/primicias2262.com\/noticias\/wp-json\/wp\/v2\/media\/116805"}],"wp:attachment":[{"href":"https:\/\/primicias2262.com\/noticias\/wp-json\/wp\/v2\/media?parent=116804"}],"wp:term":[{"taxonomy":"category","embeddable":true,"href":"https:\/\/primicias2262.com\/noticias\/wp-json\/wp\/v2\/categories?post=116804"},{"taxonomy":"post_tag","embeddable":true,"href":"https:\/\/primicias2262.com\/noticias\/wp-json\/wp\/v2\/tags?post=116804"}],"curies":[{"name":"wp","href":"https:\/\/api.w.org\/{rel}","templated":true}]}}