{"id":116813,"date":"2025-10-13T19:40:13","date_gmt":"2025-10-13T19:40:13","guid":{"rendered":"https:\/\/primicias2262.com\/noticias\/?p=116813"},"modified":"2025-10-13T19:40:13","modified_gmt":"2025-10-13T19:40:13","slug":"diputados-citan-a-luis-caputo-mario-lugones-y-karina-milei-convocatorias-y-dudas-sobre-asistencia","status":"publish","type":"post","link":"https:\/\/primicias2262.com\/noticias\/diputados-citan-a-luis-caputo-mario-lugones-y-karina-milei-convocatorias-y-dudas-sobre-asistencia\/","title":{"rendered":"Diputados citan a Luis Caputo, Mario Lugones y Karina Milei: convocatorias y dudas sobre asistencia"},"content":{"rendered":"<p>La C\u00e1mara de Diputados convoc\u00f3 a dos sesiones para este mi\u00e9rcoles para interpelar a los ministros\u00a0<strong>Luis Caputo y Mario Lugones y la secretaria general de la Presidencia, Karina Mile<\/strong>i, \u00a0impulsadas por la oposici\u00f3n,\u00a0<strong>aunque hay pocas expectativas que asistan los funcionarios.<\/strong><\/p>\n<p>La citaci\u00f3n formal fue comunicada por el secretario parlamentario,\u00a0<strong>Adri\u00e1n Pag\u00e1n<\/strong>, en base a las resoluciones aprobadas en la \u00faltima deliberaci\u00f3n del cuerpo<\/p>\n<p>En la \u00faltima sesi\u00f3n realizada la semana pasada, a instancias de la oposici\u00f3n se aprob\u00f3 un pedido de interpelaci\u00f3n a Caputo para este mi\u00e9rcoles a las 12 explique los acuerdos que est\u00e1n alcanzando con el Tesoro de Estados Unidos denominados Swap.<\/p>\n<p>En tanto, la interpelaci\u00f3n a Lugones y Karina Milei fue solicitada en otra sesi\u00f3n a las 14 esta vinculada con los audios atribuidos al ex titular de Andis Diego Spagnuolo, sobre supuestas coimas en la compra de medicamentos para los discapacitados.<\/p>\n<p><strong>De todos modos para realizar las dos sesiones, la oposici\u00f3n tiene que reunir qu\u00f3rum de 129 diputados para habilitar la reuni\u00f3n en el pleno del cuerpo legislativo, lo que hasta hoy hab\u00eda dudas debido a la campa\u00f1a electoral.<\/strong><\/p>\n<p>No ser\u00e1 la primera vez que la oposici\u00f3n reclama la presencia de Caputo en el recinto de sesiones ya que tambi\u00e9n lo hab\u00eda citado en Abril por la megaestafa de la criptomoneda Libra junto al ministro de Justicia Mariano Cuneo Libarona, y el jefe de Gabinete Guillermo Franco, pero solo asisti\u00f3 \u00e9ste \u00faltimo.<\/p>\n<p>De hecho, Caputo no concurri\u00f3 ni a presentar el proyecto de Presupuesto en el 2024 y ni este a\u00f1o, y se resiste a concurrir al Congreso, debido a que si bien la Constituci\u00f3n Nacional permite las interpelaciones, no existen sanciones para los funcionarios que no concurran.<\/p>\n<p>En ese caso la alternativa de la oposici\u00f3n es impulsar un pedido de juicio pol\u00edtico por mal desempe\u00f1o de las funciones, pero esa comisi\u00f3n ni siquiera tiene presidente, desde el titular de la C\u00e1mara baja Mart\u00edn Menem, desconoci\u00f3 el acta en la cual se designaba a Marcela Pagano.<\/p>\n<p>En el caso de Karina Milei, el oficialismo dice que no corresponde porque no es una ministra pero desde la oposici\u00f3n se\u00f1alan que tiene rango ministerial.<\/p>\n<p>La iniciativa se aprob\u00f3 para interpelar a Caputo<strong>con 131 votos afirmativos, 70 negativos y una abstenci\u00f3n.<\/strong><\/p>\n<p>El autor del proyecto, Itai Hagman (UxP), reclam\u00f3 la presencia de Caputo porque \u00ablo que est\u00e1n haciendo es entregando la gesti\u00f3n del pa\u00eds a funcionarios de orgasnismos y de una potencia extranjera\u201d.<\/p>\n<p>Se\u00f1al\u00f3 que \u00bb no sabemos qu\u00e9 est\u00e1n negociando ni a cambio de qu\u00e9. Por lo tanto, consideramos que es imprescindible que el ministro Caputo despu\u00e9s de 22 meses de estar al frente de la cartera econ\u00f3mica de nuestro pa\u00eds venga a esta c\u00e1mara de Diptuados a ser interpelado por este cuerpo\u201d, apunt\u00f3.<\/p>\n<p>El referente del Frente Patria Grande le reclam\u00f3 al ministro de Econom\u00eda que \u201cexplique con lujo de detalle en qu\u00e9 consiste la asistencia financiera y qu\u00e9 est\u00e1n pidiendo los Estados Unidos a cambio de este<strong>\u00a0salvataje financiero y pol\u00edtico\u201d.<\/strong><\/p>\n<p>En el caso de las interpelaciones de Karina Milei y Lugones se aprob\u00f3 a mano alzada en la madrugada del mi\u00e9rcoles para que explique la supuesta denuncia de Spagnuolo.<\/p>\n<p>En la ocasi\u00f3n, el diputado peronista Pablo Yedlin, se\u00f1al\u00f3 que \u00a0\u201chemos intentado much\u00edsimas veces citar, pedir informes, para conseguir que nos contesten sobre diversos temas y no lo hemos conseguido\u201d<\/p>\n","protected":false},"excerpt":{"rendered":"<p>La C\u00e1mara de Diputados convoc\u00f3 a dos sesiones para este mi\u00e9rcoles para interpelar a los ministros\u00a0Luis Caputo y Mario Lugones y la secretaria general de la Presidencia, Karina Milei, \u00a0impulsadas por la oposici\u00f3n,\u00a0aunque hay pocas expectativas que asistan los funcionarios. La citaci\u00f3n formal fue comunicada por el secretario parlamentario,\u00a0Adri\u00e1n Pag\u00e1n, en base a las resoluciones [&hellip;]<\/p>\n","protected":false},"author":3,"featured_media":110891,"comment_status":"open","ping_status":"open","sticky":false,"template":"","format":"standard","meta":{"footnotes":""},"categories":[7],"tags":[],"class_list":{"0":"post-116813","1":"post","2":"type-post","3":"status-publish","4":"format-standard","5":"has-post-thumbnail","7":"category-nac"},"_links":{"self":[{"href":"https:\/\/primicias2262.com\/noticias\/wp-json\/wp\/v2\/posts\/116813","targetHints":{"allow":["GET"]}}],"collection":[{"href":"https:\/\/primicias2262.com\/noticias\/wp-json\/wp\/v2\/posts"}],"about":[{"href":"https:\/\/primicias2262.com\/noticias\/wp-json\/wp\/v2\/types\/post"}],"author":[{"embeddable":true,"href":"https:\/\/primicias2262.com\/noticias\/wp-json\/wp\/v2\/users\/3"}],"replies":[{"embeddable":true,"href":"https:\/\/primicias2262.com\/noticias\/wp-json\/wp\/v2\/comments?post=116813"}],"version-history":[{"count":1,"href":"https:\/\/primicias2262.com\/noticias\/wp-json\/wp\/v2\/posts\/116813\/revisions"}],"predecessor-version":[{"id":116814,"href":"https:\/\/primicias2262.com\/noticias\/wp-json\/wp\/v2\/posts\/116813\/revisions\/116814"}],"wp:featuredmedia":[{"embeddable":true,"href":"https:\/\/primicias2262.com\/noticias\/wp-json\/wp\/v2\/media\/110891"}],"wp:attachment":[{"href":"https:\/\/primicias2262.com\/noticias\/wp-json\/wp\/v2\/media?parent=116813"}],"wp:term":[{"taxonomy":"category","embeddable":true,"href":"https:\/\/primicias2262.com\/noticias\/wp-json\/wp\/v2\/categories?post=116813"},{"taxonomy":"post_tag","embeddable":true,"href":"https:\/\/primicias2262.com\/noticias\/wp-json\/wp\/v2\/tags?post=116813"}],"curies":[{"name":"wp","href":"https:\/\/api.w.org\/{rel}","templated":true}]}}