{"id":116827,"date":"2025-10-14T21:16:46","date_gmt":"2025-10-14T21:16:46","guid":{"rendered":"https:\/\/primicias2262.com\/noticias\/?p=116827"},"modified":"2025-10-14T21:16:46","modified_gmt":"2025-10-14T21:16:46","slug":"la-inflacion-de-septiembre-fue-del-21-y-acumula-22-en-lo-que-va-del-ano","status":"publish","type":"post","link":"https:\/\/primicias2262.com\/noticias\/la-inflacion-de-septiembre-fue-del-21-y-acumula-22-en-lo-que-va-del-ano\/","title":{"rendered":"La inflaci\u00f3n de septiembre fue del 2,1% y acumula 22% en lo que va del a\u00f1o"},"content":{"rendered":"<p>El\u00a0<strong>Instituto Nacional de Estad\u00edstica y Censos (INDEC)<\/strong>\u00a0inform\u00f3 este martes que la inflaci\u00f3n de septiembre de 2025 fue del\u00a0<strong>2,1%<\/strong>.<\/p>\n<p>Pero hubo rubros que superaron el 3%, como vivienda, agua, electricidad y combustibles, alquileres y educaci\u00f3n,\u00a0<mark>los servicios claves que consume la clase media, el sector m\u00e1s golpeado por las pol\u00edticas aplicadas por la administraci\u00f3n de Javier Milei desde diciembre de 2023.<\/mark><\/p>\n<p>De esta manera, el \u00cd<strong>ndice de Precios al Consumidor (IPC)<\/strong>\u00a0acumula un alza del\u00a0<strong>22%<\/strong>\u00a0en los primeros nueve meses del a\u00f1o, y del 31,8% en el a\u00f1o.<\/p>\n<p>Seg\u00fan el informe oficial, la divisi\u00f3n que registr\u00f3 la mayor suba mensual fue\u00a0<strong>\u00abVivienda, agua, electricidad, gas y otros combustibles\u00bb, con un 3,1%<\/strong>, impulsada principalmente por los aumentos en las tarifas de servicios p\u00fablicos.<\/p>\n<p>En el otro extremo, el rubro de\u00a0<strong>\u00abRestaurantes y hoteles\u00bb<\/strong>\u00a0fue el que mostr\u00f3 la menor variaci\u00f3n, con un incremento de apenas el\u00a0<strong>1,1%<\/strong>, lo que podr\u00eda indicar una retracci\u00f3n en el consumo en ese sector.<\/p>\n<p>La divisi\u00f3n con mayor incidencia en la variaci\u00f3n mensual regional fue Alimentos y bebidas no alcoh\u00f3licas, excepto en la Patagonia, que fue Transporte.<\/p>\n<p><mark>Las dos divisiones que registraron las menores variaciones en septiembre de 2025 fueron Recreaci\u00f3n y cultura (1,3%) y Restaurantes y hoteles (1,1%).<\/mark><\/p>\n<p>A nivel de categor\u00edas, los precios Regulados (2,6%) lideraron el incremento, seguidos de Estacionales (2,2%) e IPC n\u00facleo (1,9%).<\/p>\n","protected":false},"excerpt":{"rendered":"<p>El\u00a0Instituto Nacional de Estad\u00edstica y Censos (INDEC)\u00a0inform\u00f3 este martes que la inflaci\u00f3n de septiembre de 2025 fue del\u00a02,1%. Pero hubo rubros que superaron el 3%, como vivienda, agua, electricidad y combustibles, alquileres y educaci\u00f3n,\u00a0los servicios claves que consume la clase media, el sector m\u00e1s golpeado por las pol\u00edticas aplicadas por la administraci\u00f3n de Javier Milei [&hellip;]<\/p>\n","protected":false},"author":3,"featured_media":114820,"comment_status":"open","ping_status":"open","sticky":false,"template":"","format":"standard","meta":{"footnotes":""},"categories":[7],"tags":[],"class_list":{"0":"post-116827","1":"post","2":"type-post","3":"status-publish","4":"format-standard","5":"has-post-thumbnail","7":"category-nac"},"_links":{"self":[{"href":"https:\/\/primicias2262.com\/noticias\/wp-json\/wp\/v2\/posts\/116827","targetHints":{"allow":["GET"]}}],"collection":[{"href":"https:\/\/primicias2262.com\/noticias\/wp-json\/wp\/v2\/posts"}],"about":[{"href":"https:\/\/primicias2262.com\/noticias\/wp-json\/wp\/v2\/types\/post"}],"author":[{"embeddable":true,"href":"https:\/\/primicias2262.com\/noticias\/wp-json\/wp\/v2\/users\/3"}],"replies":[{"embeddable":true,"href":"https:\/\/primicias2262.com\/noticias\/wp-json\/wp\/v2\/comments?post=116827"}],"version-history":[{"count":1,"href":"https:\/\/primicias2262.com\/noticias\/wp-json\/wp\/v2\/posts\/116827\/revisions"}],"predecessor-version":[{"id":116828,"href":"https:\/\/primicias2262.com\/noticias\/wp-json\/wp\/v2\/posts\/116827\/revisions\/116828"}],"wp:featuredmedia":[{"embeddable":true,"href":"https:\/\/primicias2262.com\/noticias\/wp-json\/wp\/v2\/media\/114820"}],"wp:attachment":[{"href":"https:\/\/primicias2262.com\/noticias\/wp-json\/wp\/v2\/media?parent=116827"}],"wp:term":[{"taxonomy":"category","embeddable":true,"href":"https:\/\/primicias2262.com\/noticias\/wp-json\/wp\/v2\/categories?post=116827"},{"taxonomy":"post_tag","embeddable":true,"href":"https:\/\/primicias2262.com\/noticias\/wp-json\/wp\/v2\/tags?post=116827"}],"curies":[{"name":"wp","href":"https:\/\/api.w.org\/{rel}","templated":true}]}}