{"id":116829,"date":"2025-10-14T21:18:56","date_gmt":"2025-10-14T21:18:56","guid":{"rendered":"https:\/\/primicias2262.com\/noticias\/?p=116829"},"modified":"2025-10-14T21:18:56","modified_gmt":"2025-10-14T21:18:56","slug":"kicillof-recorrio-obras-y-volvio-a-cuestionar-a-milei-por-la-paralizacion-de-centros-de-primera-infancia","status":"publish","type":"post","link":"https:\/\/primicias2262.com\/noticias\/kicillof-recorrio-obras-y-volvio-a-cuestionar-a-milei-por-la-paralizacion-de-centros-de-primera-infancia\/","title":{"rendered":"Kicillof recorri\u00f3 obras y volvi\u00f3 a cuestionar a Milei por la paralizaci\u00f3n de centros de primera infancia"},"content":{"rendered":"<div class=\"article-body\" data-tadevel-template=\"web\/article-body\">\n<div class=\"article-body-content\">\n<p>El gobernador bonaerense,\u00a0<strong>Axel Kicillof<\/strong>, recorri\u00f3 este martes la localidad de Benito Ju\u00e1rez en el marco de la campa\u00f1a electoral para las elecciones legislativas y volvi\u00f3 a cuestionar a Javier Milei por la paralizaci\u00f3n de obras de infraestructura, al advertir que el mandatario \u201cno esta dispuesto a asumir sus resonsabilidades\u201d.<\/p>\n<p>\u201cEn territorio bonaerense, Milei paraliz\u00f3 las obras de 86 centros de primera infancia, demostrando una vez m\u00e1s que no est\u00e1 dispuesto a asumir sus responsabilidades\u201d, sostuvo Kicillof en el marco de la recorrida por los avances de la construcci\u00f3n de un nuevo jard\u00edn maternal.<\/p>\n<p>Y volvi\u00f3 a contrastar la gesti\u00f3n nacional con la provincial, al se\u00f1alar que \u201cfrente a ello, nosotros no ponemos excusas: invertimos lo que sea necesario para dar respuestas a las necesidades de los pibes y pibas bonaerenses\u201d.<\/p>\n<p>\u201cEstamos reafirmando el compromiso del Gobierno de la provincia de Buenos Aires con la educaci\u00f3n p\u00fablica y con todas las instituciones de la sociedad civil que hace un gran esfuerzo para llevar bienestar a las personas con discapacidad y sus familias\u201d, afirm\u00f3, seg\u00fan se inform\u00f3 en un comunicado.<\/p>\n<p>El gobernador estuvo acompa\u00f1ado por el intendente local, Julio Marini, y el director general de Cultura y Educaci\u00f3n, Alberto Sileoni.<\/p>\n<\/div>\n<\/div>\n","protected":false},"excerpt":{"rendered":"<p>El gobernador bonaerense,\u00a0Axel Kicillof, recorri\u00f3 este martes la localidad de Benito Ju\u00e1rez en el marco de la campa\u00f1a electoral para las elecciones legislativas y volvi\u00f3 a cuestionar a Javier Milei por la paralizaci\u00f3n de obras de infraestructura, al advertir que el mandatario \u201cno esta dispuesto a asumir sus resonsabilidades\u201d. \u201cEn territorio bonaerense, Milei paraliz\u00f3 las [&hellip;]<\/p>\n","protected":false},"author":3,"featured_media":116830,"comment_status":"open","ping_status":"open","sticky":false,"template":"","format":"standard","meta":{"footnotes":""},"categories":[7],"tags":[],"class_list":{"0":"post-116829","1":"post","2":"type-post","3":"status-publish","4":"format-standard","5":"has-post-thumbnail","7":"category-nac"},"_links":{"self":[{"href":"https:\/\/primicias2262.com\/noticias\/wp-json\/wp\/v2\/posts\/116829","targetHints":{"allow":["GET"]}}],"collection":[{"href":"https:\/\/primicias2262.com\/noticias\/wp-json\/wp\/v2\/posts"}],"about":[{"href":"https:\/\/primicias2262.com\/noticias\/wp-json\/wp\/v2\/types\/post"}],"author":[{"embeddable":true,"href":"https:\/\/primicias2262.com\/noticias\/wp-json\/wp\/v2\/users\/3"}],"replies":[{"embeddable":true,"href":"https:\/\/primicias2262.com\/noticias\/wp-json\/wp\/v2\/comments?post=116829"}],"version-history":[{"count":1,"href":"https:\/\/primicias2262.com\/noticias\/wp-json\/wp\/v2\/posts\/116829\/revisions"}],"predecessor-version":[{"id":116831,"href":"https:\/\/primicias2262.com\/noticias\/wp-json\/wp\/v2\/posts\/116829\/revisions\/116831"}],"wp:featuredmedia":[{"embeddable":true,"href":"https:\/\/primicias2262.com\/noticias\/wp-json\/wp\/v2\/media\/116830"}],"wp:attachment":[{"href":"https:\/\/primicias2262.com\/noticias\/wp-json\/wp\/v2\/media?parent=116829"}],"wp:term":[{"taxonomy":"category","embeddable":true,"href":"https:\/\/primicias2262.com\/noticias\/wp-json\/wp\/v2\/categories?post=116829"},{"taxonomy":"post_tag","embeddable":true,"href":"https:\/\/primicias2262.com\/noticias\/wp-json\/wp\/v2\/tags?post=116829"}],"curies":[{"name":"wp","href":"https:\/\/api.w.org\/{rel}","templated":true}]}}