{"id":116835,"date":"2025-10-14T21:26:21","date_gmt":"2025-10-14T21:26:21","guid":{"rendered":"https:\/\/primicias2262.com\/noticias\/?p=116835"},"modified":"2025-10-14T21:26:21","modified_gmt":"2025-10-14T21:26:21","slug":"el-gobierno-prepara-cambios-en-el-gabinete-post-elecciones-nacionales-que-le-den-aire-a-la-gestion","status":"publish","type":"post","link":"https:\/\/primicias2262.com\/noticias\/el-gobierno-prepara-cambios-en-el-gabinete-post-elecciones-nacionales-que-le-den-aire-a-la-gestion\/","title":{"rendered":"El Gobierno prepara cambios en el Gabinete post elecciones nacionales que le den aire a la gesti\u00f3n"},"content":{"rendered":"<div class=\"article-body\" data-tadevel-template=\"web\/article-body\">\n<div class=\"article-body-content\">\n<p>Las elecciones nacionales del 26 de octubre oficiar\u00e1n de parteaguas en el Gobierno que encabeza el presidente\u00a0<strong>Javier Milei,\u00a0<\/strong>quien ya piensa en cambios, algunos obligados y otros necesarios, para imprimirle ox\u00edgeno a una gesti\u00f3n desgastada.<\/p>\n<p>Seg\u00fan supo la\u00a0<i>agencia Noticias Argentinas,<\/i>\u00a0el mandatario tiene en la cabeza la necesidad de inyectar frescura al plantel que lo asiste y eval\u00faa algunos nombres para reemplazar a algunos de sus funcionarios.<\/p>\n<p>De forma anticipada, el libertario sabe que cuenta con la baja de la ministra de Seguridad,\u00a0<strong>Patricia Bullrich,\u00a0<\/strong>quien encabeza la lista de La Libertad Avanza para competir por una banca en la C\u00e1mara de Senadores por la Ciudad de Buenos Aires y, de ser electa, deber\u00e1 asumir el compromiso legislativo a partir del 10 de diciembre<\/p>\n<p>Entre la danza de nombres para sucederla resuena con mayor intensidad el de la secretaria de la secretaria de Seguridad,\u00a0<strong>Alejandra Monteoliva,<\/strong>\u00a0del ri\u00f1\u00f3n de Bullrich que acord\u00f3, luego de aceptar el compromiso electoral, ubicar al frente de la cartera a alguien de su entera confianza.<\/p>\n<p>Lo propio pasar\u00e1 con el ministro de Defensa, Luis Petri,\u00a0que representa el sello violeta por la provincia de Mendoza en la competencia electoral por la conformaci\u00f3n de la C\u00e1mara de Diputados. Su sucesi\u00f3n est\u00e1 sujeta a la falta de militancia propia por lo que las alternativas de cambios son extensas y a\u00fan se encuentran en estudio.<\/p>\n<p>Otro de los ministerios en el que se espera una modificaci\u00f3n es en Justicia. La permanencia de Mariano C\u00faneo Libarona naci\u00f3 con fecha de caducidad, por lo que su silla podr\u00eda tener post elecciones de octubre un sucesor.<\/p>\n<p>El secretario de Justicia,<strong>\u00a0Sebasti\u00e1n Amerio<\/strong>, quien responde al asesor presidencial, Santiago Caputo, es uno de los nombres que figuran para hacerse cargo de la cartera. En las \u00faltimas semanas, levant\u00f3 el bajo perfil y rompi\u00f3 el silencio medi\u00e1tico al brindar sus primeras entrevistas en radio y televisi\u00f3n.<\/p>\n<p>Sin embargo, desde su entorno niegan la posibilidad por lo que el actual intendente de General Pueyrred\u00f3n,<strong>\u00a0Guillermo Montenegro,<\/strong>\u00a0futuro legislador bonaerense, con experiencia en la materia, anota su perfil a la disputa.<\/p>\n<p>La administraci\u00f3n libertaria sufrir\u00e1 adem\u00e1s la p\u00e9rdida del vocero presidencial,<strong>\u00a0Manuel Adorni,<\/strong>\u00a0quien deber\u00e1 asumir a su banca en la Legislatura porte\u00f1a, aunque se espera que -m\u00e1s temprano que tarde- regrese al Poder Ejecutivo.<\/p>\n<p>En su lugar, el secretario de Comunicaci\u00f3n y Medios,\u00a0<strong>Javier Lanari,<\/strong>\u00a0comendar\u00e1 la estructura montada en la planta baja de Casa Rosada. La idea es que el secretario, de gran dominio tuitero, de hecho es de los funcionarios m\u00e1s compartidos por Milei, no protagonice las habituales conferencias de prensa semanales sino se dedique a la coordinaci\u00f3n de los equipos.<\/p>\n<h3>La injerencia de Mauricio Macri y el rol de Santiago Caputo<\/h3>\n<p>Por los pasillos de Balcarce 50, no descartan que el PRO que lidera -en los papeles- Mauricio Macri ubique algunos nombres en cargos menores como secretarias o direcciones. El exmandatario y Milei reeditaron sus tradicionales comidas en la Quinta de Olivos, y el ex Boca comparte su incisiva mirada sobre los \u00e1reas que considera debilitadas.<\/p>\n<p>Pese a la buena sinton\u00eda, una importante fuente con acceso al despacho presidencial descart\u00f3 ante la\u00a0<i>agencia Noticias Argentinas\u00a0<\/i>la posibilidad de que dirigentes del partido amarillo ocupen lugares de relevancia en el Gabinete.<\/p>\n<p>A doce d\u00edas de las elecciones nacionales, no hay quien no detecte desgaste en el plantel que acompa\u00f1a al Presidente de la Naci\u00f3n. Incluso, hay voces que se atreven a proponer una reestructuraci\u00f3n m\u00e1s all\u00e1 de la alternancia de nombres que implique modificaciones ministeriales para relanzar la segunda etapa de la gesti\u00f3n.<\/p>\n<p>El enigma m\u00e1s importante del reducido equipo gira en torno al futuro de Santiago Caputo, quien en los \u00faltimos d\u00edas fue desafiado por el jefe de Gabinete, Guillermo Francos, a adoptar un cargo formal en la administraci\u00f3n. \u00abEl Presidente tendr\u00e1 que analizar y resolver, ver qu\u00e9 rol juega cada uno. Hay actores del equipo de gobierno que no est\u00e1n en el Gabinete, que no tienen responsabilidad de gesti\u00f3n y est\u00e1n tomando decisiones\u201d, sostuvo el ministro coordinador en una entrevista.<\/p>\n<p>Si bien desde su entorno evitan pronunciarse sobre las chances de que el asesor monotributista incorpore su firma a las decisiones que instrumenta, por los pasillos de Balcarce 50 aseguran que hace m\u00e1s de un a\u00f1o que es coacheado y se prepara para el desembarco.<\/p>\n<\/div>\n<\/div>\n","protected":false},"excerpt":{"rendered":"<p>Las elecciones nacionales del 26 de octubre oficiar\u00e1n de parteaguas en el Gobierno que encabeza el presidente\u00a0Javier Milei,\u00a0quien ya piensa en cambios, algunos obligados y otros necesarios, para imprimirle ox\u00edgeno a una gesti\u00f3n desgastada. Seg\u00fan supo la\u00a0agencia Noticias Argentinas,\u00a0el mandatario tiene en la cabeza la necesidad de inyectar frescura al plantel que lo asiste y [&hellip;]<\/p>\n","protected":false},"author":3,"featured_media":116836,"comment_status":"open","ping_status":"open","sticky":false,"template":"","format":"standard","meta":{"footnotes":""},"categories":[7],"tags":[],"class_list":{"0":"post-116835","1":"post","2":"type-post","3":"status-publish","4":"format-standard","5":"has-post-thumbnail","7":"category-nac"},"_links":{"self":[{"href":"https:\/\/primicias2262.com\/noticias\/wp-json\/wp\/v2\/posts\/116835","targetHints":{"allow":["GET"]}}],"collection":[{"href":"https:\/\/primicias2262.com\/noticias\/wp-json\/wp\/v2\/posts"}],"about":[{"href":"https:\/\/primicias2262.com\/noticias\/wp-json\/wp\/v2\/types\/post"}],"author":[{"embeddable":true,"href":"https:\/\/primicias2262.com\/noticias\/wp-json\/wp\/v2\/users\/3"}],"replies":[{"embeddable":true,"href":"https:\/\/primicias2262.com\/noticias\/wp-json\/wp\/v2\/comments?post=116835"}],"version-history":[{"count":1,"href":"https:\/\/primicias2262.com\/noticias\/wp-json\/wp\/v2\/posts\/116835\/revisions"}],"predecessor-version":[{"id":116837,"href":"https:\/\/primicias2262.com\/noticias\/wp-json\/wp\/v2\/posts\/116835\/revisions\/116837"}],"wp:featuredmedia":[{"embeddable":true,"href":"https:\/\/primicias2262.com\/noticias\/wp-json\/wp\/v2\/media\/116836"}],"wp:attachment":[{"href":"https:\/\/primicias2262.com\/noticias\/wp-json\/wp\/v2\/media?parent=116835"}],"wp:term":[{"taxonomy":"category","embeddable":true,"href":"https:\/\/primicias2262.com\/noticias\/wp-json\/wp\/v2\/categories?post=116835"},{"taxonomy":"post_tag","embeddable":true,"href":"https:\/\/primicias2262.com\/noticias\/wp-json\/wp\/v2\/tags?post=116835"}],"curies":[{"name":"wp","href":"https:\/\/api.w.org\/{rel}","templated":true}]}}