{"id":116853,"date":"2025-10-16T16:59:25","date_gmt":"2025-10-16T16:59:25","guid":{"rendered":"https:\/\/primicias2262.com\/noticias\/?p=116853"},"modified":"2025-10-16T17:32:06","modified_gmt":"2025-10-16T17:32:06","slug":"mientras-se-acerca-la-fecha-de-jurar-como-concejal-sierra-enumero-una-intensa-agenda-turistica","status":"publish","type":"post","link":"https:\/\/primicias2262.com\/noticias\/mientras-se-acerca-la-fecha-de-jurar-como-concejal-sierra-enumero-una-intensa-agenda-turistica\/","title":{"rendered":"Mientras se acerca la fecha de jurar como concejal Sierra enumer\u00f3 una intensa agenda tur\u00edstica"},"content":{"rendered":"<p><strong>El secretario de Turismo y Desarrollo Productivo, Mat\u00edas Sierra, quien ha sido electo concejal de Nueva Necochea para asumir en diciembre, dialog\u00f3 al respecto con el periodista Jorge G\u00f3mez, en el marco del programa Voces de la Ciudad que se emite a trav\u00e9s de Estaci\u00f3n FREE, 90.3 en FM.<\/strong><\/p>\n<p>En primer lugar, el funcionario revel\u00f3 que \u201ctuvimos una reuni\u00f3n con el equipo del Ejecutivo por lo que qued\u00f3 pendiente\u201d, en referencia a los festejos del aniversario 144\u00ba de Necochea, respecto a lo que se\u00f1al\u00f3 que \u201cla intenci\u00f3n es poder juntar el aniversario con el inicio de temporada para el fin de semana extra largo del 21 al 24 de noviembre. Por ahora dependemos de la agenda de los artistas, que estar\u00e1n confirmando a la brevedad\u201d.<\/p>\n<p>Pero mientras tanto, inform\u00f3 que \u201ceste fin de semana y en los subsiguientes hay varias cosas, tendremos una importante cantidad de eventos de ac\u00e1 al 31 de diciembre. Este fin de semana hay una velada de boxeo y un zonal de rugby en el Club Na\u00e1utico, pero adem\u00e1s se acerca el Open de v\u00f3ley que organiza Pablo Meana con m\u00e1s de 1200 j\u00f3venes\u201d:<\/p>\n<p>Tambi\u00e9n en materia deportiva, revel\u00f3 que \u201cen noviembre tendremos por primera vez en Necochea el Nacional de F\u00fatbol Senior, por el cual estar\u00e1n viniendo alrededor de 3500 personas. Despu\u00e9s la Sur Cup de f\u00fatbol infanto juvenil con 10 mil chicos participando, as\u00ed que en esta reuni\u00f3n estuvimos viendo los accesos y entradas de colectivos porque vamos a tener un movimiento muy importante desde el 10 de noviembre al 15 de diciembre\u201d.<\/p>\n<p>Asimismo, avis\u00f3 que \u201chay otros eventos que se van a ir desarrollando, por ejemplo las Olimpiadas de Ciencias Econ\u00f3micas, para las que vendr\u00e1n alrededor de 700 personas, y que coincidir\u00eda con la fecha del festejo de aniversario e Inauguraci\u00f3n de la temporada\u201d.<\/p>\n<p>Finalmente, Sierra manifest\u00f3 que \u201ctambi\u00e9n tenemos confirmado un abierto de hockey provincial, 6 y 7 de diciembre, y as\u00ed muchos eventos que se ir\u00e1n desarrollando, por eso la idea es articular con otras \u00e1reas como Salud y Defensa Civil para implementar los recursos municipales para que todo salga de la mejor manera posible\u201d.<\/p>\n","protected":false},"excerpt":{"rendered":"<p>El secretario de Turismo y Desarrollo Productivo, Mat\u00edas Sierra, quien ha sido electo concejal de Nueva Necochea para asumir en diciembre, dialog\u00f3 al respecto con el periodista Jorge G\u00f3mez, en el marco del programa Voces de la Ciudad que se emite a trav\u00e9s de Estaci\u00f3n FREE, 90.3 en FM. En primer lugar, el funcionario revel\u00f3 [&hellip;]<\/p>\n","protected":false},"author":3,"featured_media":116857,"comment_status":"open","ping_status":"open","sticky":false,"template":"","format":"standard","meta":{"footnotes":""},"categories":[5],"tags":[],"class_list":{"0":"post-116853","1":"post","2":"type-post","3":"status-publish","4":"format-standard","5":"has-post-thumbnail","7":"category-neco"},"_links":{"self":[{"href":"https:\/\/primicias2262.com\/noticias\/wp-json\/wp\/v2\/posts\/116853","targetHints":{"allow":["GET"]}}],"collection":[{"href":"https:\/\/primicias2262.com\/noticias\/wp-json\/wp\/v2\/posts"}],"about":[{"href":"https:\/\/primicias2262.com\/noticias\/wp-json\/wp\/v2\/types\/post"}],"author":[{"embeddable":true,"href":"https:\/\/primicias2262.com\/noticias\/wp-json\/wp\/v2\/users\/3"}],"replies":[{"embeddable":true,"href":"https:\/\/primicias2262.com\/noticias\/wp-json\/wp\/v2\/comments?post=116853"}],"version-history":[{"count":1,"href":"https:\/\/primicias2262.com\/noticias\/wp-json\/wp\/v2\/posts\/116853\/revisions"}],"predecessor-version":[{"id":116860,"href":"https:\/\/primicias2262.com\/noticias\/wp-json\/wp\/v2\/posts\/116853\/revisions\/116860"}],"wp:featuredmedia":[{"embeddable":true,"href":"https:\/\/primicias2262.com\/noticias\/wp-json\/wp\/v2\/media\/116857"}],"wp:attachment":[{"href":"https:\/\/primicias2262.com\/noticias\/wp-json\/wp\/v2\/media?parent=116853"}],"wp:term":[{"taxonomy":"category","embeddable":true,"href":"https:\/\/primicias2262.com\/noticias\/wp-json\/wp\/v2\/categories?post=116853"},{"taxonomy":"post_tag","embeddable":true,"href":"https:\/\/primicias2262.com\/noticias\/wp-json\/wp\/v2\/tags?post=116853"}],"curies":[{"name":"wp","href":"https:\/\/api.w.org\/{rel}","templated":true}]}}