{"id":116854,"date":"2025-10-16T17:00:03","date_gmt":"2025-10-16T17:00:03","guid":{"rendered":"https:\/\/primicias2262.com\/noticias\/?p=116854"},"modified":"2025-10-16T17:00:03","modified_gmt":"2025-10-16T17:00:03","slug":"me-preocupa-que-cualquiera-del-sector-de-la-libertad-avanza-pueda-gobernar-en-la-ciudad","status":"publish","type":"post","link":"https:\/\/primicias2262.com\/noticias\/me-preocupa-que-cualquiera-del-sector-de-la-libertad-avanza-pueda-gobernar-en-la-ciudad\/","title":{"rendered":"\u201cMe preocupa que cualquiera del sector de La Libertad Avanza pueda gobernar en la ciudad\u201d"},"content":{"rendered":"<p><strong>As\u00ed lo reconoci\u00f3 el concejal de Fuerza Patria, Mauro Vel\u00e1zquez, en referencia al futuro pol\u00edtico de nuestra ciudad, pero sin escapar a c\u00f3mo ve la previa de las elecciones legislativas nacionales del domingo 26 de octubre.<\/strong><\/p>\n<p>Quien dialog\u00f3 con el periodista Jorge G\u00f3mez, en el marco del programa Voces de la Ciudad que se emite a trav\u00e9s de Estaci\u00f3n FREE, 90.3 en FM, se\u00f1al\u00f3 en primer lugar &#8211; como referente del Frente Renovador local- que \u201ccreo que la elecci\u00f3n del 26 de octubre es fundamental no solo por la posibilidad de volver a tener una diputada oriunda de Necochea, como Jimena (L\u00f3pez), sino por la soberan\u00eda de nuestro pa\u00eds. Seguimos viendo al presidente Milei arrodillado, lo que lleva a Argentina a arrodillarse a los pies del presidente de Estados Unidos\u201d.<\/p>\n<p>Velazquez revel\u00f3 que \u201ccuando la he acompa\u00f1ado a Jimena por diferentes lugares veo que se est\u00e1 haciendo un trabajo de docencia de todo el frente de Fuerza Patria, ya sea de los gremios, los sectores pol\u00edticos y movimientos sociales\u2026 de docencia a cada uno de nuestros vecinos en los diferentes distritos\u201d.<\/p>\n<p>En ese sentido, el concejal se\u00f1al\u00f3 que \u201cMilei entrega ese mensaje desagradable que si no obtiene un buen resultado no habr\u00e1 acompa\u00f1amiento de parte de Estados Unidos, por eso es importante lo que sostienen nuestros candidatos: es fundamental ir a votar el 26 de octubre, es el lugar donde se puede poner freno a esta avanzada del presidente de arrodillarse ante la embajada de Estados Unidos, y tambi\u00e9n para lo que tiene que ver con la corrupci\u00f3n y el narcotr\u00e1fico\u201d.<\/p>\n<p>Fue all\u00ed cuando lament\u00f3 que \u201cest\u00e1 lleno de cosas que nada tienen que ver con la democracia, con la pol\u00edtica ni con la gente. La Libertad Avanza no habla en ning\u00fan momento qu\u00e9 propone para la gente, solo le habla a la macroeconom\u00eda, pero a los que caminan de a pie nada\u201d.<\/p>\n<p>Expuso a nivel local que \u201cen nuestra ciudad lo vemos en c\u00f3mo afecta a la parte comercial, la gente que no puede pagar las tasas o no puede pagar los servicios, la matr\u00edcula de sus hijos, los clubes, los medicamentos de los abuelos, que tienen que decidir qu\u00e9 tomar y qu\u00e9 no\u2026es la vida o la muerte para un abuelo el tema de los medicamentos. Por eso me planteo \u00bfa qui\u00e9n le habla Milei?\u201d<\/p>\n<p>Seguidamente, argument\u00f3 que \u201cla \u00fanica idea que se les cae es el recorte. En el Concejo Deliberante este a\u00f1o se ha dado unanimidad siempre en estos temas, hasta los mismos concejales libertarios terminan acompa\u00f1ando repudios a su propio gobierno que hemos presentado nosotros, como lo de PAMI, soberan\u00eda, Discapacidad e infinidad de temas\u201d.<br \/>\nVel\u00e1zquez enfatiz\u00f3 que \u201cles pregunto (a los libertarios) en la sala: \u00bfno tienen nada para decir ustedes? nada\u2026 silencio total. El PRO a su vez carancheando ac\u00e1 tambi\u00e9n, viendo con qu\u00e9 se pueden quedar. No han tenido ni una sola medida a favor de la gente, al contrario, el recorte siempre fue a la sociedad, nunca a la casta\u201d.<\/p>\n<p>Por consiguiente, alert\u00f3 que \u201ctenemos que seguir hablando con la gente, me preocupa que cualquiera del sector de La Libertad Avanza pueda estar gobernando en la ciudad\u2026ya es trist\u00edsimo que est\u00e9n gobernando el pa\u00eds, imaginate si gobiernan la ciudad\u2026 Entre la Libertad Avanza y el PRO en la ciudad est\u00e1n carancheando para ver con qu\u00e9 se quedan, ni piensan en la gente, no se hacen cargo de lo que sucede en Necochea\u201d.<\/p>\n","protected":false},"excerpt":{"rendered":"<p>As\u00ed lo reconoci\u00f3 el concejal de Fuerza Patria, Mauro Vel\u00e1zquez, en referencia al futuro pol\u00edtico de nuestra ciudad, pero sin escapar a c\u00f3mo ve la previa de las elecciones legislativas nacionales del domingo 26 de octubre. Quien dialog\u00f3 con el periodista Jorge G\u00f3mez, en el marco del programa Voces de la Ciudad que se emite [&hellip;]<\/p>\n","protected":false},"author":3,"featured_media":116858,"comment_status":"open","ping_status":"open","sticky":false,"template":"","format":"standard","meta":{"footnotes":""},"categories":[6],"tags":[],"class_list":{"0":"post-116854","1":"post","2":"type-post","3":"status-publish","4":"format-standard","5":"has-post-thumbnail","7":"category-portada2"},"_links":{"self":[{"href":"https:\/\/primicias2262.com\/noticias\/wp-json\/wp\/v2\/posts\/116854","targetHints":{"allow":["GET"]}}],"collection":[{"href":"https:\/\/primicias2262.com\/noticias\/wp-json\/wp\/v2\/posts"}],"about":[{"href":"https:\/\/primicias2262.com\/noticias\/wp-json\/wp\/v2\/types\/post"}],"author":[{"embeddable":true,"href":"https:\/\/primicias2262.com\/noticias\/wp-json\/wp\/v2\/users\/3"}],"replies":[{"embeddable":true,"href":"https:\/\/primicias2262.com\/noticias\/wp-json\/wp\/v2\/comments?post=116854"}],"version-history":[{"count":1,"href":"https:\/\/primicias2262.com\/noticias\/wp-json\/wp\/v2\/posts\/116854\/revisions"}],"predecessor-version":[{"id":116861,"href":"https:\/\/primicias2262.com\/noticias\/wp-json\/wp\/v2\/posts\/116854\/revisions\/116861"}],"wp:featuredmedia":[{"embeddable":true,"href":"https:\/\/primicias2262.com\/noticias\/wp-json\/wp\/v2\/media\/116858"}],"wp:attachment":[{"href":"https:\/\/primicias2262.com\/noticias\/wp-json\/wp\/v2\/media?parent=116854"}],"wp:term":[{"taxonomy":"category","embeddable":true,"href":"https:\/\/primicias2262.com\/noticias\/wp-json\/wp\/v2\/categories?post=116854"},{"taxonomy":"post_tag","embeddable":true,"href":"https:\/\/primicias2262.com\/noticias\/wp-json\/wp\/v2\/tags?post=116854"}],"curies":[{"name":"wp","href":"https:\/\/api.w.org\/{rel}","templated":true}]}}