{"id":116855,"date":"2025-10-16T16:59:01","date_gmt":"2025-10-16T16:59:01","guid":{"rendered":"https:\/\/primicias2262.com\/noticias\/?p=116855"},"modified":"2025-10-16T17:33:06","modified_gmt":"2025-10-16T17:33:06","slug":"defensa-civil-presentara-nuevo-vehiculo-y-avanza-en-la-previa-a-la-temporada-con-los-guardavidas","status":"publish","type":"post","link":"https:\/\/primicias2262.com\/noticias\/defensa-civil-presentara-nuevo-vehiculo-y-avanza-en-la-previa-a-la-temporada-con-los-guardavidas\/","title":{"rendered":"Defensa Civil presentar\u00e1 nuevo veh\u00edculo y avanza en la previa a la temporada con los guardavidas"},"content":{"rendered":"<p><strong>Sobre estos temas habl\u00f3 el director de Defensa Civil, Augusto Fulton.<\/strong><\/p>\n<p>En primer t\u00e9rmino, respecto al Leasing del municipio para maquinaria del EMSUR, un Arco en C para el hospital y una camioneta para Defensa Civil, quien dialog\u00f3 con el periodista Jorge G\u00f3mez, en el marco del programa Voces de la Ciudad que se emite a trav\u00e9s de Estaci\u00f3n FREE, 90.3 en FM, revel\u00f3 que \u201csi todo sale tal cual lo planificado, ma\u00f1ana ser\u00eda la entrega formal del veh\u00edculo as\u00ed que haremos la presentaci\u00f3n junto con unas camionetas del EMSUR\u201d.<\/p>\n<p>Fulton se\u00f1al\u00f3 con entusiasmo que \u201cva a ser una muy buena incorporaci\u00f3n porque la camioneta m\u00e1s nueva que tenemos es 2016 y los otros veh\u00edculos que son modelo 2009 los tenemos m\u00e1s restaurados, y a veces para salir a una emergencia est\u00e1n al l\u00edmite. En primera instancia este veh\u00edculo nuevo ser\u00e1 para responder a llamados en ruta o zonas agreste, es cero kil\u00f3metro y doble tracci\u00f3n\u201d.<\/p>\n<p>En cuanto al cuerpo de Guardavidas, que ahora depende de su \u00e1rea, Fulton manifest\u00f3 que \u201ceste es un desaf\u00edo nuevo para m\u00ed y una responsabilidad, pero solo no lo voy a hacer, sino en conjunto con los jefes que est\u00e9n a cargo y con los 140 guardavidas del plantel municipal, como as\u00ed en conjunto con los guardavidas privados\u201d.<\/p>\n<p>August\u00f3 vision\u00f3 que \u201cqueremos trabajar en capacitaciones, profesionalizar un poco m\u00e1s el sector y darle un salto de calidad\u201d, para confirmar que \u201csi bien van a estar trabajando con nosotros, seguir\u00e1n con su Jefe de Guardavidas, Julio Ripamonti, hist\u00f3rico en la playa, con quien ya venimos trabajando desde septiembre en el reacondicionamiento de la base operativa que ellos tienen debajo de la Secretar\u00eda de Turismo\u201d.<\/p>\n<p>\u201cLe estamos dando pintura al lugar y un orden, tambi\u00e9n estamos con compra de algunos materiales y poniendo en condiciones la moto de agua, que es fundamental para todo tipo de rescate. Es un trabajo extenso que lleva varias horas, pero se est\u00e1 haciendo con una muy buena predisposici\u00f3n de parte del sector de Guardavidas\u201d, concluy\u00f3.<\/p>\n","protected":false},"excerpt":{"rendered":"<p>Sobre estos temas habl\u00f3 el director de Defensa Civil, Augusto Fulton. En primer t\u00e9rmino, respecto al Leasing del municipio para maquinaria del EMSUR, un Arco en C para el hospital y una camioneta para Defensa Civil, quien dialog\u00f3 con el periodista Jorge G\u00f3mez, en el marco del programa Voces de la Ciudad que se emite [&hellip;]<\/p>\n","protected":false},"author":3,"featured_media":116856,"comment_status":"open","ping_status":"open","sticky":false,"template":"","format":"standard","meta":{"footnotes":""},"categories":[5],"tags":[],"class_list":{"0":"post-116855","1":"post","2":"type-post","3":"status-publish","4":"format-standard","5":"has-post-thumbnail","7":"category-neco"},"_links":{"self":[{"href":"https:\/\/primicias2262.com\/noticias\/wp-json\/wp\/v2\/posts\/116855","targetHints":{"allow":["GET"]}}],"collection":[{"href":"https:\/\/primicias2262.com\/noticias\/wp-json\/wp\/v2\/posts"}],"about":[{"href":"https:\/\/primicias2262.com\/noticias\/wp-json\/wp\/v2\/types\/post"}],"author":[{"embeddable":true,"href":"https:\/\/primicias2262.com\/noticias\/wp-json\/wp\/v2\/users\/3"}],"replies":[{"embeddable":true,"href":"https:\/\/primicias2262.com\/noticias\/wp-json\/wp\/v2\/comments?post=116855"}],"version-history":[{"count":1,"href":"https:\/\/primicias2262.com\/noticias\/wp-json\/wp\/v2\/posts\/116855\/revisions"}],"predecessor-version":[{"id":116859,"href":"https:\/\/primicias2262.com\/noticias\/wp-json\/wp\/v2\/posts\/116855\/revisions\/116859"}],"wp:featuredmedia":[{"embeddable":true,"href":"https:\/\/primicias2262.com\/noticias\/wp-json\/wp\/v2\/media\/116856"}],"wp:attachment":[{"href":"https:\/\/primicias2262.com\/noticias\/wp-json\/wp\/v2\/media?parent=116855"}],"wp:term":[{"taxonomy":"category","embeddable":true,"href":"https:\/\/primicias2262.com\/noticias\/wp-json\/wp\/v2\/categories?post=116855"},{"taxonomy":"post_tag","embeddable":true,"href":"https:\/\/primicias2262.com\/noticias\/wp-json\/wp\/v2\/tags?post=116855"}],"curies":[{"name":"wp","href":"https:\/\/api.w.org\/{rel}","templated":true}]}}