{"id":116862,"date":"2025-10-16T17:09:15","date_gmt":"2025-10-16T17:09:15","guid":{"rendered":"https:\/\/primicias2262.com\/noticias\/?p=116862"},"modified":"2025-10-16T17:09:15","modified_gmt":"2025-10-16T17:09:15","slug":"queria-rescatar-a-mi-hijo-de-una-red-de-trata-expreso-laurta","status":"publish","type":"post","link":"https:\/\/primicias2262.com\/noticias\/queria-rescatar-a-mi-hijo-de-una-red-de-trata-expreso-laurta\/","title":{"rendered":"\u201cQuer\u00eda rescatar a mi hijo de una red de trata\u201d, expres\u00f3 Laurta"},"content":{"rendered":"<div class=\"article-body\" data-tadevel-template=\"web\/article-body\">\n<div class=\"article-body-content\">\n<p>Pablo Laurta, el acusado de doble femicidio y del crimen del remisero Mart\u00edn Sebasti\u00e1n Palacio,\u00a0<strong>volvi\u00f3 a hablar<\/strong>, esta vez a la salida de la audiencia donde se le dictamin\u00f3 la prisi\u00f3n preventiva por 120 d\u00edas en Entre R\u00edos, y all\u00ed expres\u00f3 que\u00a0<strong>quer\u00eda rescatar a su hijo \u201cde una red de trata\u201d.<\/strong><\/p>\n<p><i><strong>\u201cQuer\u00eda rescatar a mi hijo de una red de trata\u201d<\/strong><\/i>, se lo escuch\u00f3 decir a Laurta mientras era escoltado por polic\u00edas en la Fiscal\u00eda de Concordia. El video fue registrado por el medio\u00a0<i>Tele5 Digital.<\/i><\/p>\n<p>En las \u00faltimas horas el acusado tambi\u00e9n se manifest\u00f3 y dijo que\u00a0<i><strong>\u201ctodo fue por justicia\u201d<\/strong><\/i>\u00a0y hasta soslay\u00f3 la idea de crear un personaje:\u00a0<i><strong>\u201cHay que venerarlo; es un m\u00e1rtir\u201d.<\/strong><\/i><\/p>\n<p>Luego de ser imputado por el delito de homicidio criminis causa en la provincia de Entre R\u00edos, se espera que este jueves por la tarde sea trasladado a C\u00f3rdoba para que sea acusado por los femicidios de Luna Giardina y Mariel Zamudio.<\/p>\n<\/div>\n<\/div>\n","protected":false},"excerpt":{"rendered":"<p>Pablo Laurta, el acusado de doble femicidio y del crimen del remisero Mart\u00edn Sebasti\u00e1n Palacio,\u00a0volvi\u00f3 a hablar, esta vez a la salida de la audiencia donde se le dictamin\u00f3 la prisi\u00f3n preventiva por 120 d\u00edas en Entre R\u00edos, y all\u00ed expres\u00f3 que\u00a0quer\u00eda rescatar a su hijo \u201cde una red de trata\u201d. \u201cQuer\u00eda rescatar a mi [&hellip;]<\/p>\n","protected":false},"author":3,"featured_media":116863,"comment_status":"open","ping_status":"open","sticky":false,"template":"","format":"standard","meta":{"footnotes":""},"categories":[7],"tags":[],"class_list":{"0":"post-116862","1":"post","2":"type-post","3":"status-publish","4":"format-standard","5":"has-post-thumbnail","7":"category-nac"},"_links":{"self":[{"href":"https:\/\/primicias2262.com\/noticias\/wp-json\/wp\/v2\/posts\/116862","targetHints":{"allow":["GET"]}}],"collection":[{"href":"https:\/\/primicias2262.com\/noticias\/wp-json\/wp\/v2\/posts"}],"about":[{"href":"https:\/\/primicias2262.com\/noticias\/wp-json\/wp\/v2\/types\/post"}],"author":[{"embeddable":true,"href":"https:\/\/primicias2262.com\/noticias\/wp-json\/wp\/v2\/users\/3"}],"replies":[{"embeddable":true,"href":"https:\/\/primicias2262.com\/noticias\/wp-json\/wp\/v2\/comments?post=116862"}],"version-history":[{"count":1,"href":"https:\/\/primicias2262.com\/noticias\/wp-json\/wp\/v2\/posts\/116862\/revisions"}],"predecessor-version":[{"id":116864,"href":"https:\/\/primicias2262.com\/noticias\/wp-json\/wp\/v2\/posts\/116862\/revisions\/116864"}],"wp:featuredmedia":[{"embeddable":true,"href":"https:\/\/primicias2262.com\/noticias\/wp-json\/wp\/v2\/media\/116863"}],"wp:attachment":[{"href":"https:\/\/primicias2262.com\/noticias\/wp-json\/wp\/v2\/media?parent=116862"}],"wp:term":[{"taxonomy":"category","embeddable":true,"href":"https:\/\/primicias2262.com\/noticias\/wp-json\/wp\/v2\/categories?post=116862"},{"taxonomy":"post_tag","embeddable":true,"href":"https:\/\/primicias2262.com\/noticias\/wp-json\/wp\/v2\/tags?post=116862"}],"curies":[{"name":"wp","href":"https:\/\/api.w.org\/{rel}","templated":true}]}}