{"id":116865,"date":"2025-10-16T17:11:36","date_gmt":"2025-10-16T17:11:36","guid":{"rendered":"https:\/\/primicias2262.com\/noticias\/?p=116865"},"modified":"2025-10-16T17:11:36","modified_gmt":"2025-10-16T17:11:36","slug":"gobernadores-se-manifiestan-a-favor-de-avanzar-en-las-reformas-estructurales","status":"publish","type":"post","link":"https:\/\/primicias2262.com\/noticias\/gobernadores-se-manifiestan-a-favor-de-avanzar-en-las-reformas-estructurales\/","title":{"rendered":"Gobernadores se manifiestan a favor de avanzar en las reformas estructurales"},"content":{"rendered":"<div class=\"article-body\" data-tadevel-template=\"web\/article-body\">\n<div class=\"article-body-content\">\n<p>Los gobernadores de C\u00f3rdoba, Mart\u00edn LLaryora, y de Chubut, Ignacio Torres, coincidieron hoy en que el pa\u00eds debe avanzar hacia reformas estructurales, pero exigieron que se realice en un marco de di\u00e1logo entre el Estado nacional y las provincias.<\/p>\n<p>\u201cHay que ir a una reforma fiscal buscando competencia y que cada uno cobre y perciba para cumplir por las funciones que est\u00e1 ofreciendo\u201d, se\u00f1al\u00f3 el mandatario de C\u00f3rdoba.<\/p>\n<p>A su turno, Torres consider\u00f3 que \u201ces un momento fundamental para debatir una reforma fiscal\u201d.<\/p>\n<p>Ambos gobernadores participaron hoy del 61\u00b0 Coloquio de IDEA que se desarrolla en Mar del Plata.<\/p>\n<p>Torres apunt\u00f3 al gobierno por no enviar los fondos que recauda y que tienen asignaci\u00f3n espec\u00edfica, como por ejemplo los fondos en educaci\u00f3n y salud<\/p>\n<p>En esa l\u00ednea, recalc\u00f3 que \u201cel estado nacional debe sentarse a negociar con las provincias\u201d.<\/p>\n<p>En similar sentido, Llaryora advirti\u00f3 que la discusi\u00f3n debe ser franca y equitativa\u201d, pero enfatiz\u00f3: \u201cNo veo una actitud del gobierno clara y honesta en este tema\u201d.<\/p>\n<p>\u201cEl gobierno est\u00e1 recaudando m\u00e1s y no cumple con sus obligaciones. Apunt\u00f3 a lo que sucede con las jubilaciones, salud y la falta de inversi\u00f3n en infraestructura\u201d, afirm\u00f3.<\/p>\n<p>Llaryora indic\u00f3 que \u201ctiene que haber un marco general de pa\u00eds y sobre ese marco hacer las reformas\u201d.<\/p>\n<p>Al mismo tiempo, marc\u00f3 que cualquier reforma debe tener como objetivo incentivar la inversi\u00f3n, la producci\u00f3n y el trabajo porque \u201ccualquier modelo debe estar fundado en la sostenibilidad social\u201d.<\/p>\n<p>El gobernador de C\u00f3rdoba se quej\u00f3 de que desde el gobierno \u201cno se habla de producci\u00f3n, ni de inversi\u00f3n, ni de como generar trabajo\u201d.<\/p>\n<p>Llaryora insisti\u00f3 en que \u201clas provincias productivas necesitamos las reformas\u201d.<\/p>\n<p>En el orden pol\u00edtico, Torres pidi\u00f3 \u201cdesdramatizar\u201d el resultado de las elecciones y se quej\u00f3 de que todo se \u201cfocalice en la vocaci\u00f3n de poder sin saber para qu\u00e9\u201d. Al mismo tiempo, pidi\u00f3 salir del \u201coportunismo pol\u00edtico de la coyuntura\u201d.<\/p>\n<p>Llaryora consider\u00f3 que el 26 de octubre \u201cva a haber una se\u00f1al fuerte de que alguna modificaci\u00f3n\u201d y afirm\u00f3 que \u201csurgir\u00e1 la tercera fuerza con Provincias Unidas\u201d.<\/p>\n<\/div>\n<\/div>\n","protected":false},"excerpt":{"rendered":"<p>Los gobernadores de C\u00f3rdoba, Mart\u00edn LLaryora, y de Chubut, Ignacio Torres, coincidieron hoy en que el pa\u00eds debe avanzar hacia reformas estructurales, pero exigieron que se realice en un marco de di\u00e1logo entre el Estado nacional y las provincias. \u201cHay que ir a una reforma fiscal buscando competencia y que cada uno cobre y perciba [&hellip;]<\/p>\n","protected":false},"author":3,"featured_media":116866,"comment_status":"open","ping_status":"open","sticky":false,"template":"","format":"standard","meta":{"footnotes":""},"categories":[7],"tags":[],"class_list":{"0":"post-116865","1":"post","2":"type-post","3":"status-publish","4":"format-standard","5":"has-post-thumbnail","7":"category-nac"},"_links":{"self":[{"href":"https:\/\/primicias2262.com\/noticias\/wp-json\/wp\/v2\/posts\/116865","targetHints":{"allow":["GET"]}}],"collection":[{"href":"https:\/\/primicias2262.com\/noticias\/wp-json\/wp\/v2\/posts"}],"about":[{"href":"https:\/\/primicias2262.com\/noticias\/wp-json\/wp\/v2\/types\/post"}],"author":[{"embeddable":true,"href":"https:\/\/primicias2262.com\/noticias\/wp-json\/wp\/v2\/users\/3"}],"replies":[{"embeddable":true,"href":"https:\/\/primicias2262.com\/noticias\/wp-json\/wp\/v2\/comments?post=116865"}],"version-history":[{"count":1,"href":"https:\/\/primicias2262.com\/noticias\/wp-json\/wp\/v2\/posts\/116865\/revisions"}],"predecessor-version":[{"id":116867,"href":"https:\/\/primicias2262.com\/noticias\/wp-json\/wp\/v2\/posts\/116865\/revisions\/116867"}],"wp:featuredmedia":[{"embeddable":true,"href":"https:\/\/primicias2262.com\/noticias\/wp-json\/wp\/v2\/media\/116866"}],"wp:attachment":[{"href":"https:\/\/primicias2262.com\/noticias\/wp-json\/wp\/v2\/media?parent=116865"}],"wp:term":[{"taxonomy":"category","embeddable":true,"href":"https:\/\/primicias2262.com\/noticias\/wp-json\/wp\/v2\/categories?post=116865"},{"taxonomy":"post_tag","embeddable":true,"href":"https:\/\/primicias2262.com\/noticias\/wp-json\/wp\/v2\/tags?post=116865"}],"curies":[{"name":"wp","href":"https:\/\/api.w.org\/{rel}","templated":true}]}}