{"id":116868,"date":"2025-10-16T17:26:00","date_gmt":"2025-10-16T17:26:00","guid":{"rendered":"https:\/\/primicias2262.com\/noticias\/?p=116868"},"modified":"2025-10-16T17:26:00","modified_gmt":"2025-10-16T17:26:00","slug":"karen-reichardt-antes-de-traicionar-a-javier-me-corto-un-brazo","status":"publish","type":"post","link":"https:\/\/primicias2262.com\/noticias\/karen-reichardt-antes-de-traicionar-a-javier-me-corto-un-brazo\/","title":{"rendered":"Karen Reichardt: \u201cAntes de traicionar a Javier me corto un brazo\u201d"},"content":{"rendered":"<div class=\"article-body\" data-tadevel-template=\"web\/article-body\">\n<div class=\"article-body-content\">\n<p>La candidata a diputada nacional por La Libertad Avanza (LLA) Karen Reichardt afirm\u00f3 que \u201cantes de traicionar\u201d al presidente Javier Milei \u201c<i>se corta un brazo\u201d\u00a0<\/i>y ratific\u00f3 su total apoyo a la gesti\u00f3n oficialista \u201c<i>por convicci\u00f3n\u201d.<\/i><\/p>\n<p>Por otra parte, apunt\u00f3 contra quien encabeza la lista de Fuerza Patria (FP), Jorge Taiana y afirm\u00f3 que a ella \u201c<i>la picante\u00f3\u201d,<\/i>\u00a0pero ahora que qued\u00f3 Diego Santilli como primero en la n\u00f3mina \u201cno se present\u00f3 al debate.<\/p>\n<p>En una entrevista que le realizaron en el streaming libetario Carajo, asegur\u00f3 que el candidato opositor apunt\u00f3 contra ella \u201c<i>sin esperar que la justicia electoral la designara\u201d<\/i>\u00a0y que el punteo de debate que hab\u00eda propuesto, no lo iba a respetar porque ella iba a debatir los \u00edtems que quer\u00eda.<\/p>\n<p><i>\u201cYo ten\u00eda pensado citarlo ac\u00e1 en Carajo porque \u00e9l pon\u00eda los puntos como si fuera oficialista y no flaco&#8230; vos est\u00e1s abajo. De \u00faltima, vas a hacer el debate donde yo quiera y sobre los temas que yo quiera no los que vos impongas. Adem\u00e1s, \u00bfC\u00f3mo no se va a presentar?\u201d,<\/i>\u00a0cuestion\u00f3 Reichardt.<\/p>\n<p>Por otra parte, cont\u00f3 que su acercamiento al presidente Javier Milei tuvo como nexo a la ministra de Capital Humano, Sandra Pettovello, que hab\u00eda sido entrevistada por la ex vedette en un programa que ten\u00eda en Am\u00e9rica TV dedicado a mascotas, llamado \u201c<i>Amores Perros\u201d.<\/i><\/p>\n<p><i>Al asumir la gesti\u00f3n en diciembre de 2023, Milei se comunic\u00f3 por privado con la ahora candidata y le agradeci\u00f3 su apoyo; semanas m\u00e1s tarde la invitaron a Casa Rosada y, a partir de ese momento, comenzaron a tener una relaci\u00f3n fluida. Hace pocos meses, y despu\u00e9s de haberse negado tres veces, acept\u00f3 ir en la lista de LLA para las pr\u00f3ximas legislativas nacionales.<\/i><\/p>\n<p>Desde antes de que fuera presidente de la Naci\u00f3n,\u00a0Reichardt comenz\u00f3 a subir mensajes a favor de Milei porque a deb\u00eda gobernar \u201c<i>un hombre que rompiera con todo y que pusiera lo que hab\u00eda que poner\u201d:<\/i>\u00a0\u201c<i>Era lo que necesit\u00e1bamos\u201d<\/i>, a\u00f1adi\u00f3.<\/p>\n<p>\u201c<i>Yo dije que si en 2023 ganaba (Sergio) Massa me mor\u00eda, no me iba a bancar cuarto a\u00f1os m\u00e1s de eso. Desde mi lugar, empec\u00e9 a hacer redes. Ya me hab\u00eda declarado anti K y hab\u00eda tenido mis problemas de que no me invitaran o que me cancelaran. Adem\u00e1s, convenc\u00eda a amigos, familiares y empleados, que ten\u00eda que venir un cambio en Argentina. Yo cre\u00ed siempre en Milei y sigo creyendo porque me representa y por absoluta convicci\u00f3n<\/i>\u201d, concluy\u00f3.<\/p>\n<\/div>\n<\/div>\n","protected":false},"excerpt":{"rendered":"<p>La candidata a diputada nacional por La Libertad Avanza (LLA) Karen Reichardt afirm\u00f3 que \u201cantes de traicionar\u201d al presidente Javier Milei \u201cse corta un brazo\u201d\u00a0y ratific\u00f3 su total apoyo a la gesti\u00f3n oficialista \u201cpor convicci\u00f3n\u201d. Por otra parte, apunt\u00f3 contra quien encabeza la lista de Fuerza Patria (FP), Jorge Taiana y afirm\u00f3 que a ella [&hellip;]<\/p>\n","protected":false},"author":3,"featured_media":116869,"comment_status":"open","ping_status":"open","sticky":false,"template":"","format":"standard","meta":{"footnotes":""},"categories":[7],"tags":[],"class_list":{"0":"post-116868","1":"post","2":"type-post","3":"status-publish","4":"format-standard","5":"has-post-thumbnail","7":"category-nac"},"_links":{"self":[{"href":"https:\/\/primicias2262.com\/noticias\/wp-json\/wp\/v2\/posts\/116868","targetHints":{"allow":["GET"]}}],"collection":[{"href":"https:\/\/primicias2262.com\/noticias\/wp-json\/wp\/v2\/posts"}],"about":[{"href":"https:\/\/primicias2262.com\/noticias\/wp-json\/wp\/v2\/types\/post"}],"author":[{"embeddable":true,"href":"https:\/\/primicias2262.com\/noticias\/wp-json\/wp\/v2\/users\/3"}],"replies":[{"embeddable":true,"href":"https:\/\/primicias2262.com\/noticias\/wp-json\/wp\/v2\/comments?post=116868"}],"version-history":[{"count":1,"href":"https:\/\/primicias2262.com\/noticias\/wp-json\/wp\/v2\/posts\/116868\/revisions"}],"predecessor-version":[{"id":116870,"href":"https:\/\/primicias2262.com\/noticias\/wp-json\/wp\/v2\/posts\/116868\/revisions\/116870"}],"wp:featuredmedia":[{"embeddable":true,"href":"https:\/\/primicias2262.com\/noticias\/wp-json\/wp\/v2\/media\/116869"}],"wp:attachment":[{"href":"https:\/\/primicias2262.com\/noticias\/wp-json\/wp\/v2\/media?parent=116868"}],"wp:term":[{"taxonomy":"category","embeddable":true,"href":"https:\/\/primicias2262.com\/noticias\/wp-json\/wp\/v2\/categories?post=116868"},{"taxonomy":"post_tag","embeddable":true,"href":"https:\/\/primicias2262.com\/noticias\/wp-json\/wp\/v2\/tags?post=116868"}],"curies":[{"name":"wp","href":"https:\/\/api.w.org\/{rel}","templated":true}]}}