{"id":116877,"date":"2025-10-17T18:36:00","date_gmt":"2025-10-17T18:36:00","guid":{"rendered":"https:\/\/primicias2262.com\/noticias\/?p=116877"},"modified":"2025-10-17T22:20:25","modified_gmt":"2025-10-17T22:20:25","slug":"zubillaga-hablo-sobre-el-protagonismo-de-la-camara-portuaria","status":"publish","type":"post","link":"https:\/\/primicias2262.com\/noticias\/zubillaga-hablo-sobre-el-protagonismo-de-la-camara-portuaria\/","title":{"rendered":"Zubillaga habl\u00f3 sobre el protagonismo de la C\u00e1mara Portuaria"},"content":{"rendered":"<p>Bartolom\u00e9 Zubillaga, presidente de la C\u00e1mara de Actividades Portuarias y Mar\u00edtimas de Necochea y Quequ\u00e9n, dialog\u00f3 con el periodista Jorge G\u00f3mez en \u00abVoces de la Ciudad\u00bb por Estaci\u00f3n FREE FM 90.3. All\u00ed remarc\u00f3 el rol hist\u00f3rico de la instituci\u00f3n y su intenci\u00f3n de volver a tener un papel activo en el crecimiento del puerto.<\/p>\n<p>Con m\u00e1s de 75 a\u00f1os de trayectoria, la C\u00e1mara de Actividades Portuarias y Mar\u00edtimas de Necochea y Quequ\u00e9n es una de las entidades m\u00e1s antiguas y representativas de la regi\u00f3n. Su actual presidente, Bartolom\u00e9 Zubillaga \u2014quien tambi\u00e9n se desempe\u00f1a como concejal y presidente del bloque Avanza Necochea\u2014 destac\u00f3 el peso institucional de la c\u00e1mara y su vinculaci\u00f3n hist\u00f3rica con el desarrollo portuario.<\/p>\n<p>Zubillaga record\u00f3 que en sus or\u00edgenes la entidad cumpl\u00eda muchas de las funciones que hoy lleva adelante el Consorcio de Gesti\u00f3n del Puerto Quequ\u00e9n, como el financiamiento de obras y el dragado. Actualmente, la c\u00e1mara est\u00e1 integrada por todos los exportadores que operan en Quequ\u00e9n y por numerosas empresas de servicios relacionadas con la actividad mar\u00edtima.<\/p>\n<p>\u201cEs indudable que el Consorcio, desde su creaci\u00f3n, ha asumido el rol principal en las obras portuarias. Pero desde la C\u00e1mara queremos volver a tener un papel de apoyo, o incluso de cr\u00edtica constructiva, siempre con el objetivo de aportar al crecimiento del puerto\u201d, afirm\u00f3 Zubillaga durante la entrevista.<\/p>\n<p>En este sentido, el dirigente subray\u00f3 la importancia de actuar tambi\u00e9n en los \u00e1mbitos provincial y nacional, aprovechando que muchos socios de la entidad tienen llegada a diferentes estamentos de gobierno. \u201cLa idea es ver c\u00f3mo logramos cosas concretas para Quequ\u00e9n. En el puerto siempre hay much\u00edsimo por hacer\u201d, sostuvo.<\/p>\n<p>Uno de los ejemplos que mencion\u00f3 fue el caso de Hugo Obregozo, de la firma Alon Car, quien \u201cdemostr\u00f3 que se pueden concretar obras, y se pueden hacer cosas en sectores que antes parec\u00edan intocables\u201d. Seg\u00fan Zubillaga, existen actualmente dos o tres espacios portuarios con gran potencial para ser explotados productivamente.<\/p>\n<p>A su vez, remarc\u00f3 la importancia del dragado y el mantenimiento del canal de acceso como prioridades estrat\u00e9gicas: \u201cSin canal de acceso, el puerto de Quequ\u00e9n ser\u00eda in\u00fatil\u201d.<\/p>\n<p>Zubillaga tambi\u00e9n puso en valor la pol\u00edtica de apertura de la C\u00e1mara hacia la comunidad, a trav\u00e9s de charlas y actividades de difusi\u00f3n sobre el funcionamiento portuario, una tarea que en los \u00faltimos a\u00f1os ha sido asumida casi exclusivamente por el Consorcio. \u201cNuestro trabajo es complementario, pero no por eso menos importante\u201d, enfatiz\u00f3.<\/p>\n<p>Finalmente, record\u00f3 que el puerto de Quequ\u00e9n es la mayor fuente de empleo del distrito: genera directamente m\u00e1s de 3.000 puestos de trabajo, y de forma indirecta esa cifra se multiplica por tres o cuatro. \u201cEl puerto es la f\u00e1brica m\u00e1s grande de Necochea. Gracias a su actividad, tenemos movimiento econ\u00f3mico todo el a\u00f1o\u201d, concluy\u00f3.<\/p>\n","protected":false},"excerpt":{"rendered":"<p>Bartolom\u00e9 Zubillaga, presidente de la C\u00e1mara de Actividades Portuarias y Mar\u00edtimas de Necochea y Quequ\u00e9n, dialog\u00f3 con el periodista Jorge G\u00f3mez en \u00abVoces de la Ciudad\u00bb por Estaci\u00f3n FREE FM 90.3. All\u00ed remarc\u00f3 el rol hist\u00f3rico de la instituci\u00f3n y su intenci\u00f3n de volver a tener un papel activo en el crecimiento del puerto. Con [&hellip;]<\/p>\n","protected":false},"author":3,"featured_media":113169,"comment_status":"open","ping_status":"open","sticky":false,"template":"","format":"standard","meta":{"footnotes":""},"categories":[5],"tags":[],"class_list":{"0":"post-116877","1":"post","2":"type-post","3":"status-publish","4":"format-standard","5":"has-post-thumbnail","7":"category-neco"},"_links":{"self":[{"href":"https:\/\/primicias2262.com\/noticias\/wp-json\/wp\/v2\/posts\/116877","targetHints":{"allow":["GET"]}}],"collection":[{"href":"https:\/\/primicias2262.com\/noticias\/wp-json\/wp\/v2\/posts"}],"about":[{"href":"https:\/\/primicias2262.com\/noticias\/wp-json\/wp\/v2\/types\/post"}],"author":[{"embeddable":true,"href":"https:\/\/primicias2262.com\/noticias\/wp-json\/wp\/v2\/users\/3"}],"replies":[{"embeddable":true,"href":"https:\/\/primicias2262.com\/noticias\/wp-json\/wp\/v2\/comments?post=116877"}],"version-history":[{"count":1,"href":"https:\/\/primicias2262.com\/noticias\/wp-json\/wp\/v2\/posts\/116877\/revisions"}],"predecessor-version":[{"id":116880,"href":"https:\/\/primicias2262.com\/noticias\/wp-json\/wp\/v2\/posts\/116877\/revisions\/116880"}],"wp:featuredmedia":[{"embeddable":true,"href":"https:\/\/primicias2262.com\/noticias\/wp-json\/wp\/v2\/media\/113169"}],"wp:attachment":[{"href":"https:\/\/primicias2262.com\/noticias\/wp-json\/wp\/v2\/media?parent=116877"}],"wp:term":[{"taxonomy":"category","embeddable":true,"href":"https:\/\/primicias2262.com\/noticias\/wp-json\/wp\/v2\/categories?post=116877"},{"taxonomy":"post_tag","embeddable":true,"href":"https:\/\/primicias2262.com\/noticias\/wp-json\/wp\/v2\/tags?post=116877"}],"curies":[{"name":"wp","href":"https:\/\/api.w.org\/{rel}","templated":true}]}}