{"id":116883,"date":"2025-10-17T22:09:17","date_gmt":"2025-10-17T22:09:17","guid":{"rendered":"https:\/\/primicias2262.com\/noticias\/?p=116883"},"modified":"2025-10-17T22:09:17","modified_gmt":"2025-10-17T22:09:17","slug":"audio-de-cristina-kirchner-la-economia-esta-manejada-a-control-remoto-desde-estados-unidos","status":"publish","type":"post","link":"https:\/\/primicias2262.com\/noticias\/audio-de-cristina-kirchner-la-economia-esta-manejada-a-control-remoto-desde-estados-unidos\/","title":{"rendered":"Audio de Cristina Kirchner: \u201cLa econom\u00eda est\u00e1 manejada a control remoto desde Estados Unidos\u00bb"},"content":{"rendered":"<p>Desde su prisi\u00f3n domiciliaria, la ex presidenta Cristina Kirchner critic\u00f3 hoy al gobierno de Javier Milei al afirmar que\u00a0<strong>\u201cla econom\u00eda est\u00e1 manejada a control remoto desde Estados Unidos\u201d<\/strong>.<\/p>\n<p>Al calificar a Milei de\u00a0<strong>\u201cempleado del mes\u201d del mandatario estadounidense, Donald Trump<\/strong>, la ex mandataria plante\u00f3 adem\u00e1s, en un mensaje emitido por el D\u00eda de la Lealtad, que\u00a0<strong>\u201calgunos pretenden volver a los tiempos en los que la soberan\u00eda argentina se decid\u00eda en una embajada\u201d<\/strong>.<\/p>\n","protected":false},"excerpt":{"rendered":"<p>Desde su prisi\u00f3n domiciliaria, la ex presidenta Cristina Kirchner critic\u00f3 hoy al gobierno de Javier Milei al afirmar que\u00a0\u201cla econom\u00eda est\u00e1 manejada a control remoto desde Estados Unidos\u201d. Al calificar a Milei de\u00a0\u201cempleado del mes\u201d del mandatario estadounidense, Donald Trump, la ex mandataria plante\u00f3 adem\u00e1s, en un mensaje emitido por el D\u00eda de la Lealtad, [&hellip;]<\/p>\n","protected":false},"author":3,"featured_media":113629,"comment_status":"open","ping_status":"open","sticky":false,"template":"","format":"standard","meta":{"footnotes":""},"categories":[7],"tags":[],"class_list":{"0":"post-116883","1":"post","2":"type-post","3":"status-publish","4":"format-standard","5":"has-post-thumbnail","7":"category-nac"},"_links":{"self":[{"href":"https:\/\/primicias2262.com\/noticias\/wp-json\/wp\/v2\/posts\/116883","targetHints":{"allow":["GET"]}}],"collection":[{"href":"https:\/\/primicias2262.com\/noticias\/wp-json\/wp\/v2\/posts"}],"about":[{"href":"https:\/\/primicias2262.com\/noticias\/wp-json\/wp\/v2\/types\/post"}],"author":[{"embeddable":true,"href":"https:\/\/primicias2262.com\/noticias\/wp-json\/wp\/v2\/users\/3"}],"replies":[{"embeddable":true,"href":"https:\/\/primicias2262.com\/noticias\/wp-json\/wp\/v2\/comments?post=116883"}],"version-history":[{"count":1,"href":"https:\/\/primicias2262.com\/noticias\/wp-json\/wp\/v2\/posts\/116883\/revisions"}],"predecessor-version":[{"id":116884,"href":"https:\/\/primicias2262.com\/noticias\/wp-json\/wp\/v2\/posts\/116883\/revisions\/116884"}],"wp:featuredmedia":[{"embeddable":true,"href":"https:\/\/primicias2262.com\/noticias\/wp-json\/wp\/v2\/media\/113629"}],"wp:attachment":[{"href":"https:\/\/primicias2262.com\/noticias\/wp-json\/wp\/v2\/media?parent=116883"}],"wp:term":[{"taxonomy":"category","embeddable":true,"href":"https:\/\/primicias2262.com\/noticias\/wp-json\/wp\/v2\/categories?post=116883"},{"taxonomy":"post_tag","embeddable":true,"href":"https:\/\/primicias2262.com\/noticias\/wp-json\/wp\/v2\/tags?post=116883"}],"curies":[{"name":"wp","href":"https:\/\/api.w.org\/{rel}","templated":true}]}}