{"id":116885,"date":"2025-10-17T22:12:00","date_gmt":"2025-10-17T22:12:00","guid":{"rendered":"https:\/\/primicias2262.com\/noticias\/?p=116885"},"modified":"2025-10-17T22:12:00","modified_gmt":"2025-10-17T22:12:00","slug":"ibarra-detallo-que-el-domingo-21-de-septiembre-no-habia-manchas-de-sangre-en-la-casa-de-florencio-varela","status":"publish","type":"post","link":"https:\/\/primicias2262.com\/noticias\/ibarra-detallo-que-el-domingo-21-de-septiembre-no-habia-manchas-de-sangre-en-la-casa-de-florencio-varela\/","title":{"rendered":"Ibarra detall\u00f3 que el domingo 21 de septiembre \u201cno hab\u00eda manchas de sangre\u201d en la casa de Florencio Varela"},"content":{"rendered":"<div class=\"article-body\" data-tadevel-template=\"web\/article-body\">\n<div class=\"article-body-content\">\n<p><strong>Daniela Ibarra<\/strong>, una de los nueve detenidos por el triple crimen con sello narco, expres\u00f3 que e<strong>l domingo 21 de septiembre \u201cno hab\u00eda manchas de sangre\u201d<\/strong>\u00a0en la vivienda de Florencio Varela, a la vez que afirm\u00f3:<strong>\u00a0\u201cCeleste Guerrero estaba alegre escuchando m\u00fasica\u201d.<\/strong><\/p>\n<p>La joven de 19 a\u00f1os prest\u00f3 declaraci\u00f3n indagatoria ante el fiscal Adri\u00e1n Arribas y aclar\u00f3 que\u00a0<strong>es la ni\u00f1era del hijo de Celeste Magal\u00ed Gonz\u00e1lez Guerrero (su hermana)<\/strong>, conforme el documento al que accedi\u00f3 la agencia\u00a0<i>Noticias Argentinas.<\/i><\/p>\n<p>Durante su comparecencia, se\u00f1al\u00f3:\u00a0<strong>\u201cMi marido Maximiliano Parra (otro de los acusados) est\u00e1 reci\u00e9n operado. Yo hab\u00eda aceptado ir a la casa de Celeste para comprarle los medicamentos a mi esposo\u201d.<\/strong><\/p>\n<p>Ibarra remarc\u00f3 que en el domicilio de la calle Cha\u00f1ar 702<strong>\u00a0\u201cestaba todo normal como siempre\u201d<\/strong>\u00a0y agreg\u00f3 que al ingresar hasta el patio del inmueble,<strong>\u00a0\u201cestaba tocando la puerta y no sal\u00eda nadie\u201d<\/strong>, por lo que\u00a0<strong>\u201cesper\u00f3\u201d<\/strong>\u00a0y\u00a0<strong>\u201cllam\u00f3\u201d<\/strong>\u00a0a su hermana:\u00a0<strong>\u201cMe respondi\u00f3 que estaba por llegar\u201d.<\/strong><\/p>\n<p><strong>\u201cLa volv\u00ed a llamar para ver si pasaba algo porque en el barrio hab\u00eda polic\u00edas y ella me dijo que no, que no sab\u00eda\u201d<\/strong>, sostuvo la mujer que fue\u00a0<strong>detenida por la presunta limpieza de manchas de sangre en la finca.<\/strong><\/p>\n<p>Celeste le confirm\u00f3 que \u201cno ir\u00eda a la casa\u201d, le dijo que llevar\u00eda a su sobrino a la vivienda de su abuela y le indic\u00f3 que se pida un viaje de aplicaci\u00f3n, el cual \u201cella se lo pagar\u00eda\u201d, pero se neg\u00f3 a ra\u00edz de que quer\u00eda tomarse un colectivo.<\/p>\n<p>Al momento del arresto,\u00a0<strong>Ibarra se encontraba junto a su beb\u00e9 y Parra<\/strong>, mientras que los efectivos le exhibieron una fotograf\u00eda de Celeste, quien asegur\u00f3 que es su hermana y due\u00f1a del lugar donde se cometieron los cr\u00edmenes.<\/p>\n<p>Daniela manifest\u00f3 que el domingo 21 de septiembre concurri\u00f3 a la vivienda, entre las 18:00 y las 19:00, porque Celeste le dijo que\u00a0<strong>\u201cquer\u00eda salir a caminar y comer algo con su marido\u201d<\/strong>, y se retir\u00f3 \u201ca las 2 de la ma\u00f1ana\u201d: \u201cNunca vi nada raro\u201d.<\/p>\n<p><strong>\u201cEn la casa hab\u00eda dos camas y estaba normal y limpia como siempre\u201d<\/strong>, sum\u00f3, al tiempo que consign\u00f3: \u201cCeleste estaba tranquila, se re\u00eda y escuchaba m\u00fasica\u201d.<\/p>\n<p>La defensa le interrog\u00f3 si observ\u00f3 \u201cmanchas de sangre\u201d y la mujer lo neg\u00f3, y resalt\u00f3 que Guerrero le pagaba\u00a0<strong>\u201c20 mil pesos\u201d<\/strong>\u00a0por cuidar a su hijo.<\/p>\n<\/div>\n<\/div>\n","protected":false},"excerpt":{"rendered":"<p>Daniela Ibarra, una de los nueve detenidos por el triple crimen con sello narco, expres\u00f3 que el domingo 21 de septiembre \u201cno hab\u00eda manchas de sangre\u201d\u00a0en la vivienda de Florencio Varela, a la vez que afirm\u00f3:\u00a0\u201cCeleste Guerrero estaba alegre escuchando m\u00fasica\u201d. La joven de 19 a\u00f1os prest\u00f3 declaraci\u00f3n indagatoria ante el fiscal Adri\u00e1n Arribas y [&hellip;]<\/p>\n","protected":false},"author":3,"featured_media":116886,"comment_status":"open","ping_status":"open","sticky":false,"template":"","format":"standard","meta":{"footnotes":""},"categories":[7],"tags":[],"class_list":{"0":"post-116885","1":"post","2":"type-post","3":"status-publish","4":"format-standard","5":"has-post-thumbnail","7":"category-nac"},"_links":{"self":[{"href":"https:\/\/primicias2262.com\/noticias\/wp-json\/wp\/v2\/posts\/116885","targetHints":{"allow":["GET"]}}],"collection":[{"href":"https:\/\/primicias2262.com\/noticias\/wp-json\/wp\/v2\/posts"}],"about":[{"href":"https:\/\/primicias2262.com\/noticias\/wp-json\/wp\/v2\/types\/post"}],"author":[{"embeddable":true,"href":"https:\/\/primicias2262.com\/noticias\/wp-json\/wp\/v2\/users\/3"}],"replies":[{"embeddable":true,"href":"https:\/\/primicias2262.com\/noticias\/wp-json\/wp\/v2\/comments?post=116885"}],"version-history":[{"count":1,"href":"https:\/\/primicias2262.com\/noticias\/wp-json\/wp\/v2\/posts\/116885\/revisions"}],"predecessor-version":[{"id":116887,"href":"https:\/\/primicias2262.com\/noticias\/wp-json\/wp\/v2\/posts\/116885\/revisions\/116887"}],"wp:featuredmedia":[{"embeddable":true,"href":"https:\/\/primicias2262.com\/noticias\/wp-json\/wp\/v2\/media\/116886"}],"wp:attachment":[{"href":"https:\/\/primicias2262.com\/noticias\/wp-json\/wp\/v2\/media?parent=116885"}],"wp:term":[{"taxonomy":"category","embeddable":true,"href":"https:\/\/primicias2262.com\/noticias\/wp-json\/wp\/v2\/categories?post=116885"},{"taxonomy":"post_tag","embeddable":true,"href":"https:\/\/primicias2262.com\/noticias\/wp-json\/wp\/v2\/tags?post=116885"}],"curies":[{"name":"wp","href":"https:\/\/api.w.org\/{rel}","templated":true}]}}