{"id":116888,"date":"2025-10-17T22:16:03","date_gmt":"2025-10-17T22:16:03","guid":{"rendered":"https:\/\/primicias2262.com\/noticias\/?p=116888"},"modified":"2025-10-17T22:16:03","modified_gmt":"2025-10-17T22:16:03","slug":"reichardt-aclaro-su-exabrupto-sobre-los-votantes-del-pj-dije-enfermedad-mental-por-el-chip-cultural","status":"publish","type":"post","link":"https:\/\/primicias2262.com\/noticias\/reichardt-aclaro-su-exabrupto-sobre-los-votantes-del-pj-dije-enfermedad-mental-por-el-chip-cultural\/","title":{"rendered":"Reichardt aclar\u00f3 su exabrupto sobre los votantes del PJ: \u201cDije \u2018enfermedad mental\u2019 por el chip cultural\u201d"},"content":{"rendered":"<p>La candidata de La Libertad Avanza (LLA)\u00a0<strong>Karen Reichardt<\/strong>\u00a0aclar\u00f3 este viernes su exabrupto sobre los seguidores del peronismo y sostuvo que hab\u00eda hablado de una \u201c<strong>enfermedad mental<\/strong>\u201d de los votantes opositores por un \u201c<strong>chip cultural<\/strong>\u201d.<\/p>\n<p>\u201cDije \u2018enfermedad mental\u2019 por el chip cultural. Pero en serio: si no ten\u00e9s cloacas, la calle es de los delincuentes, ni hablar de la educaci\u00f3n, y cuando vayas a votar f\u00edjate si el aula tiene picaportes, \u00bfvas a seguir votando lo mismo?\u201d, pregunt\u00f3 Reichardt desde sus redes sociales.<\/p>\n<p>La ex vedette hab\u00eda generado ayer una fuerte pol\u00e9mica al asegurar que votar al peronismo en la provincia de Buenos Aires es una \u201cenfermedad mental\u201d.<\/p>\n<p>Las controvertidas declaraciones de Reichardt tuvieron lugar durante una entrevista en el programa \u201cPan y Circo\u201d de Radio Rivadavia.<\/p>\n<p>&nbsp;<\/p>\n","protected":false},"excerpt":{"rendered":"<p>La candidata de La Libertad Avanza (LLA)\u00a0Karen Reichardt\u00a0aclar\u00f3 este viernes su exabrupto sobre los seguidores del peronismo y sostuvo que hab\u00eda hablado de una \u201cenfermedad mental\u201d de los votantes opositores por un \u201cchip cultural\u201d. \u201cDije \u2018enfermedad mental\u2019 por el chip cultural. Pero en serio: si no ten\u00e9s cloacas, la calle es de los delincuentes, ni [&hellip;]<\/p>\n","protected":false},"author":3,"featured_media":116889,"comment_status":"open","ping_status":"open","sticky":false,"template":"","format":"standard","meta":{"footnotes":""},"categories":[7],"tags":[],"class_list":{"0":"post-116888","1":"post","2":"type-post","3":"status-publish","4":"format-standard","5":"has-post-thumbnail","7":"category-nac"},"_links":{"self":[{"href":"https:\/\/primicias2262.com\/noticias\/wp-json\/wp\/v2\/posts\/116888","targetHints":{"allow":["GET"]}}],"collection":[{"href":"https:\/\/primicias2262.com\/noticias\/wp-json\/wp\/v2\/posts"}],"about":[{"href":"https:\/\/primicias2262.com\/noticias\/wp-json\/wp\/v2\/types\/post"}],"author":[{"embeddable":true,"href":"https:\/\/primicias2262.com\/noticias\/wp-json\/wp\/v2\/users\/3"}],"replies":[{"embeddable":true,"href":"https:\/\/primicias2262.com\/noticias\/wp-json\/wp\/v2\/comments?post=116888"}],"version-history":[{"count":1,"href":"https:\/\/primicias2262.com\/noticias\/wp-json\/wp\/v2\/posts\/116888\/revisions"}],"predecessor-version":[{"id":116890,"href":"https:\/\/primicias2262.com\/noticias\/wp-json\/wp\/v2\/posts\/116888\/revisions\/116890"}],"wp:featuredmedia":[{"embeddable":true,"href":"https:\/\/primicias2262.com\/noticias\/wp-json\/wp\/v2\/media\/116889"}],"wp:attachment":[{"href":"https:\/\/primicias2262.com\/noticias\/wp-json\/wp\/v2\/media?parent=116888"}],"wp:term":[{"taxonomy":"category","embeddable":true,"href":"https:\/\/primicias2262.com\/noticias\/wp-json\/wp\/v2\/categories?post=116888"},{"taxonomy":"post_tag","embeddable":true,"href":"https:\/\/primicias2262.com\/noticias\/wp-json\/wp\/v2\/tags?post=116888"}],"curies":[{"name":"wp","href":"https:\/\/api.w.org\/{rel}","templated":true}]}}